{"id":13424,"date":"2023-09-22T11:26:06","date_gmt":"2023-09-22T16:26:06","guid":{"rendered":"https:\/\/fdnoaxaca.net\/?p=13424"},"modified":"2023-09-22T11:26:09","modified_gmt":"2023-09-22T16:26:09","slug":"aprueban-proceso-de-consulta-en-chichicapam-ante-cambio-de-regimen-de-eleccion-de-autoridades","status":"publish","type":"post","link":"https:\/\/fdnoaxaca.net\/index.php\/2023\/09\/22\/aprueban-proceso-de-consulta-en-chichicapam-ante-cambio-de-regimen-de-eleccion-de-autoridades\/","title":{"rendered":"Aprueban proceso de consulta en Chichic\u00e1pam ante cambio de r\u00e9gimen de elecci\u00f3n de autoridades"},"content":{"rendered":"\n<p>Oaxaca de Ju\u00e1rez, Oax. 22 de septiembre de 2023.- El Instituto Estatal Electoral y de Participaci\u00f3n Ciudadana de Oaxaca (IEEPCO) sesion\u00f3 de manera extraordinaria para calificar diversas elecciones en municipios que se rigen por Sistemas Normativos Ind\u00edgenas.<\/p>\n\n\n\n<p>El m\u00e1ximo \u00f3rgano de direcci\u00f3n, calific\u00f3 como jur\u00eddicamente v\u00e1lidas las elecciones ordinarias de concejal\u00edas a los ayuntamientos de Santa Ana Yareni, San Juan Yatzona y \u2013 la elecci\u00f3n parcial- de Santiago Nundiche, que electoralmente se rigen por Sistemas Normativos Ind\u00edgenas. <\/p>\n\n\n\n<p>Las consejer\u00edas tambi\u00e9n calificaron la elecci\u00f3n extraordinaria de la concejal\u00eda propietaria de la regidur\u00eda de obras de San Juan del R\u00edo, as\u00ed como la elecci\u00f3n extraordinaria de las concejal\u00edas propietaria y suplente de la regidur\u00eda de educaci\u00f3n de Santa Catarina Ticu\u00e1.<\/p>\n\n\n\n<p>En la sesi\u00f3n p\u00fablica del IEEPCO, tambi\u00e9n aprobaron el nombramiento de autoridades comunitarias de la cabecera municipal de San Jer\u00f3nimo Coatl\u00e1n, que electoralmente se rige por Sistemas Normativos Ind\u00edgenas. <\/p>\n\n\n\n<p>El \u00f3rgano local electoral, aprob\u00f3 la realizaci\u00f3n de un proceso de consulta previa, libre e informada con la comunidad de San Baltazar Chichic\u00e1pam, respecto del cambio del r\u00e9gimen de elecci\u00f3n de sus autoridades municipales a Sistemas Normativos Ind\u00edgenas.<\/p>\n\n\n\n<p>Finalmente, el Consejo General, no valid\u00f3 la elecci\u00f3n ordinaria de Santa Mar\u00eda Jaltianguis por no cumplir con una integraci\u00f3n paritaria, as\u00ed como la terminaci\u00f3n anticipada de mandato de la concejal\u00eda propietaria de la Regidur\u00eda de Hacienda del ayuntamiento de San Mateo del Mar.<\/p>\n","protected":false},"excerpt":{"rendered":"<p>Oaxaca de Ju\u00e1rez, Oax. 22 de septiembre de 2023.- El Instituto Estatal Electoral y de Participaci\u00f3n Ciudadana de Oaxaca (IEEPCO) sesion\u00f3 de manera extraordinaria para calificar diversas elecciones en municipios que se rigen por Sistemas Normativos Ind\u00edgenas. El m\u00e1ximo \u00f3rgano de direcci\u00f3n, calific\u00f3 como jur\u00eddicamente v\u00e1lidas las elecciones ordinarias de concejal\u00edas a los ayuntamientos de&#8230;<\/p>\n","protected":false},"author":4,"featured_media":13425,"comment_status":"closed","ping_status":"closed","sticky":false,"template":"","format":"standard","meta":{"footnotes":""},"categories":[4],"tags":[],"class_list":["post-13424","post","type-post","status-publish","format-standard","has-post-thumbnail","hentry","category-general"],"_links":{"self":[{"href":"https:\/\/fdnoaxaca.net\/index.php\/wp-json\/wp\/v2\/posts\/13424","targetHints":{"allow":["GET"]}}],"collection":[{"href":"https:\/\/fdnoaxaca.net\/index.php\/wp-json\/wp\/v2\/posts"}],"about":[{"href":"https:\/\/fdnoaxaca.net\/index.php\/wp-json\/wp\/v2\/types\/post"}],"author":[{"embeddable":true,"href":"https:\/\/fdnoaxaca.net\/index.php\/wp-json\/wp\/v2\/users\/4"}],"replies":[{"embeddable":true,"href":"https:\/\/fdnoaxaca.net\/index.php\/wp-json\/wp\/v2\/comments?post=13424"}],"version-history":[{"count":1,"href":"https:\/\/fdnoaxaca.net\/index.php\/wp-json\/wp\/v2\/posts\/13424\/revisions"}],"predecessor-version":[{"id":13426,"href":"https:\/\/fdnoaxaca.net\/index.php\/wp-json\/wp\/v2\/posts\/13424\/revisions\/13426"}],"wp:featuredmedia":[{"embeddable":true,"href":"https:\/\/fdnoaxaca.net\/index.php\/wp-json\/wp\/v2\/media\/13425"}],"wp:attachment":[{"href":"https:\/\/fdnoaxaca.net\/index.php\/wp-json\/wp\/v2\/media?parent=13424"}],"wp:term":[{"taxonomy":"category","embeddable":true,"href":"https:\/\/fdnoaxaca.net\/index.php\/wp-json\/wp\/v2\/categories?post=13424"},{"taxonomy":"post_tag","embeddable":true,"href":"https:\/\/fdnoaxaca.net\/index.php\/wp-json\/wp\/v2\/tags?post=13424"}],"curies":[{"name":"wp","href":"https:\/\/api.w.org\/{rel}","templated":true}]}}