{"id":13538,"date":"2023-10-06T16:31:25","date_gmt":"2023-10-06T21:31:25","guid":{"rendered":"https:\/\/fdnoaxaca.net\/?p=13538"},"modified":"2023-10-06T17:23:45","modified_gmt":"2023-10-06T22:23:45","slug":"vuelca-autobus-que-transportaba-a-migrantes-mueren-18-y-resultan-heridos-27","status":"publish","type":"post","link":"https:\/\/fdnoaxaca.net\/index.php\/2023\/10\/06\/vuelca-autobus-que-transportaba-a-migrantes-mueren-18-y-resultan-heridos-27\/","title":{"rendered":"Vuelca autob\u00fas que transportaba a migrantes; mueren 16 y resultan heridos 27"},"content":{"rendered":"\n<p>Lizbeth Flores Barrera&nbsp;<\/p>\n\n\n\n<p>Oaxaca de Ju\u00e1rez, Oax. 6 de octubre de 2023.- Un autob\u00fas tur\u00edstico que transportaba a ciudadanos de Venezuela y Hait\u00ed, volc\u00f3 la madrugada de este viernes en l\u00edmites de Oaxaca con Puebla, lo que ocasion\u00f3 la muerte de 16 migrantes y 27 m\u00e1s resultaron heridos.<\/p>\n\n\n\n<p>El Fiscal de Oaxaca, Bernardo Rodr\u00edguez Alamilla, confirm\u00f3 que el accidente ocurri\u00f3 alrededor de las 5 de la ma\u00f1ana en la supercarretera Oaxaca-Cuacnopalan, en la ruta hacia Tehuac\u00e1n, Puebla, en el kil\u00f3metro 88+50.<\/p>\n\n\n\n<p>Detall\u00f3 que el autob\u00fas volcado, con placas de circulaci\u00f3n 938-RP-5, hab\u00eda salido del Centro de Movilidad Migratoria que instal\u00f3 el gobierno de Oaxaca en el municipio de San Sebasti\u00e1n Tutla y trasladaba a ciudadanos provenientes de Venezuela y Hait\u00ed.<\/p>\n\n\n\n<p>Sobre las 16 v\u00edctimas mortales, inform\u00f3, se encuentran tres menores de edad.<\/p>\n\n\n\n<figure class=\"wp-block-image\"><img loading=\"lazy\" decoding=\"async\" width=\"1024\" height=\"574\" src=\"https:\/\/fdnoaxaca.net\/wp-content\/uploads\/2023\/10\/Picsart_23-10-06_16-28-54-020-1024x574.jpg\" alt=\"\" class=\"wp-image-13539\" srcset=\"https:\/\/fdnoaxaca.net\/wp-content\/uploads\/2023\/10\/Picsart_23-10-06_16-28-54-020-1024x574.jpg 1024w, https:\/\/fdnoaxaca.net\/wp-content\/uploads\/2023\/10\/Picsart_23-10-06_16-28-54-020-300x168.jpg 300w, https:\/\/fdnoaxaca.net\/wp-content\/uploads\/2023\/10\/Picsart_23-10-06_16-28-54-020-768x431.jpg 768w, https:\/\/fdnoaxaca.net\/wp-content\/uploads\/2023\/10\/Picsart_23-10-06_16-28-54-020-800x448.jpg 800w, https:\/\/fdnoaxaca.net\/wp-content\/uploads\/2023\/10\/Picsart_23-10-06_16-28-54-020.jpg 1920w\" sizes=\"auto, (max-width: 1024px) 100vw, 1024px\" \/><\/figure>\n\n\n\n<p>En tanto, las 27 personas lesionadas fueron trasladadas a hospitales de Tehuac\u00e1n, Tecamachalco, Sur y Peaca, para recibir atenci\u00f3n m\u00e9dica.<\/p>\n\n\n\n<p>Por otra parte, durante toda la ma\u00f1ana de este viernes 6 de octubre continuaron las labores para atender la emergencia y asimismo, para restablecer el tr\u00e1nsito en la zona.<\/p>\n\n\n\n<p>En un primer reporte, el Fiscal as\u00ed como la Fiscal\u00eda de Oaxaca hab\u00edan reportado la muerte de 18 migrantes, y m\u00e1s tarde rectificaron e informaron que el saldo fue de 16 personas muertas.<\/p>\n\n\n\n<p>Este es el segundo accidente ocurrido en menos de dos meses en la misma supercarretera en territorio de Oaxaca, donde las v\u00edctimas son migrantes. La anterior volcadura sucedi\u00f3 en el kil\u00f3metro 91+850, y en la cual murieron 16 personas, en su mayor\u00eda originarias de Venezuela.<\/p>\n\n\n\n<p><\/p>\n","protected":false},"excerpt":{"rendered":"<p>Lizbeth Flores Barrera&nbsp; Oaxaca de Ju\u00e1rez, Oax. 6 de octubre de 2023.- Un autob\u00fas tur\u00edstico que transportaba a ciudadanos de Venezuela y Hait\u00ed, volc\u00f3 la madrugada de este viernes en l\u00edmites de Oaxaca con Puebla, lo que ocasion\u00f3 la muerte de 16 migrantes y 27 m\u00e1s resultaron heridos. El Fiscal de Oaxaca, Bernardo Rodr\u00edguez Alamilla,&#8230;<\/p>\n","protected":false},"author":4,"featured_media":13540,"comment_status":"closed","ping_status":"closed","sticky":false,"template":"","format":"standard","meta":{"footnotes":""},"categories":[49],"tags":[],"class_list":["post-13538","post","type-post","status-publish","format-standard","has-post-thumbnail","hentry","category-titulares"],"_links":{"self":[{"href":"https:\/\/fdnoaxaca.net\/index.php\/wp-json\/wp\/v2\/posts\/13538","targetHints":{"allow":["GET"]}}],"collection":[{"href":"https:\/\/fdnoaxaca.net\/index.php\/wp-json\/wp\/v2\/posts"}],"about":[{"href":"https:\/\/fdnoaxaca.net\/index.php\/wp-json\/wp\/v2\/types\/post"}],"author":[{"embeddable":true,"href":"https:\/\/fdnoaxaca.net\/index.php\/wp-json\/wp\/v2\/users\/4"}],"replies":[{"embeddable":true,"href":"https:\/\/fdnoaxaca.net\/index.php\/wp-json\/wp\/v2\/comments?post=13538"}],"version-history":[{"count":2,"href":"https:\/\/fdnoaxaca.net\/index.php\/wp-json\/wp\/v2\/posts\/13538\/revisions"}],"predecessor-version":[{"id":13542,"href":"https:\/\/fdnoaxaca.net\/index.php\/wp-json\/wp\/v2\/posts\/13538\/revisions\/13542"}],"wp:featuredmedia":[{"embeddable":true,"href":"https:\/\/fdnoaxaca.net\/index.php\/wp-json\/wp\/v2\/media\/13540"}],"wp:attachment":[{"href":"https:\/\/fdnoaxaca.net\/index.php\/wp-json\/wp\/v2\/media?parent=13538"}],"wp:term":[{"taxonomy":"category","embeddable":true,"href":"https:\/\/fdnoaxaca.net\/index.php\/wp-json\/wp\/v2\/categories?post=13538"},{"taxonomy":"post_tag","embeddable":true,"href":"https:\/\/fdnoaxaca.net\/index.php\/wp-json\/wp\/v2\/tags?post=13538"}],"curies":[{"name":"wp","href":"https:\/\/api.w.org\/{rel}","templated":true}]}}