{"id":1388,"date":"2019-08-16T17:27:58","date_gmt":"2019-08-16T17:27:58","guid":{"rendered":"http:\/\/fdnoaxaca.net\/?p=1388"},"modified":"2019-08-16T17:28:01","modified_gmt":"2019-08-16T17:28:01","slug":"llama-congreso-a-respetar-division-de-poderes-en-oaxaca","status":"publish","type":"post","link":"https:\/\/fdnoaxaca.net\/index.php\/2019\/08\/16\/llama-congreso-a-respetar-division-de-poderes-en-oaxaca\/","title":{"rendered":"Llama Congreso a respetar divisi\u00f3n de poderes en Oaxaca"},"content":{"rendered":"\n<p>San Raymundo Jalpan, Oax. 16 de agosto de 2019.- Ante la serie de eventos y controversias que atraviesa el Tribunal de Justicia Administrativa del Estado de Oaxaca, este Poder Legislativo a trav\u00e9s de la presidencia de la Junta de Coordinaci\u00f3n Pol\u00edtica, encabezada por la diputada Laura Estrada Mauro, manifest\u00f3 total respeto a la autonom\u00eda de ese organismo.<\/p>\n\n\n\n<p>La representante legal del Congreso local, precis\u00f3 que esta soberan\u00eda es respetuosa de todos los lineamientos legales y la Constituci\u00f3n Pol\u00edtica que dan vida al principio de divisi\u00f3n de los Poderes del Estado.<\/p>\n\n\n\n<p>Por tal motivo, a los Poderes Judicial y Ejecutivo, los llam\u00f3 a mostrar respeto irrestricto a la ley y a la autonom\u00eda de las instituciones.<\/p>\n\n\n\n<p>Detall\u00f3 que por parte del Congreso, realizar\u00e1n lo que les corresponde en el momento procesal indicado, siempre apegados a la Constituci\u00f3n y a lo que m\u00e1s beneficie al estado de Oaxaca.<\/p>\n","protected":false},"excerpt":{"rendered":"<p>San Raymundo Jalpan, Oax. 16 de agosto de 2019.- Ante la serie de eventos y controversias que atraviesa el Tribunal de Justicia Administrativa del Estado de Oaxaca, este Poder Legislativo a trav\u00e9s de la presidencia de la Junta de Coordinaci\u00f3n Pol\u00edtica, encabezada por la diputada Laura Estrada Mauro, manifest\u00f3 total respeto a la autonom\u00eda de&#8230;<\/p>\n","protected":false},"author":4,"featured_media":1389,"comment_status":"closed","ping_status":"closed","sticky":false,"template":"","format":"standard","meta":{"footnotes":""},"categories":[4],"tags":[],"class_list":["post-1388","post","type-post","status-publish","format-standard","has-post-thumbnail","hentry","category-general"],"_links":{"self":[{"href":"https:\/\/fdnoaxaca.net\/index.php\/wp-json\/wp\/v2\/posts\/1388","targetHints":{"allow":["GET"]}}],"collection":[{"href":"https:\/\/fdnoaxaca.net\/index.php\/wp-json\/wp\/v2\/posts"}],"about":[{"href":"https:\/\/fdnoaxaca.net\/index.php\/wp-json\/wp\/v2\/types\/post"}],"author":[{"embeddable":true,"href":"https:\/\/fdnoaxaca.net\/index.php\/wp-json\/wp\/v2\/users\/4"}],"replies":[{"embeddable":true,"href":"https:\/\/fdnoaxaca.net\/index.php\/wp-json\/wp\/v2\/comments?post=1388"}],"version-history":[{"count":1,"href":"https:\/\/fdnoaxaca.net\/index.php\/wp-json\/wp\/v2\/posts\/1388\/revisions"}],"predecessor-version":[{"id":1390,"href":"https:\/\/fdnoaxaca.net\/index.php\/wp-json\/wp\/v2\/posts\/1388\/revisions\/1390"}],"wp:featuredmedia":[{"embeddable":true,"href":"https:\/\/fdnoaxaca.net\/index.php\/wp-json\/wp\/v2\/media\/1389"}],"wp:attachment":[{"href":"https:\/\/fdnoaxaca.net\/index.php\/wp-json\/wp\/v2\/media?parent=1388"}],"wp:term":[{"taxonomy":"category","embeddable":true,"href":"https:\/\/fdnoaxaca.net\/index.php\/wp-json\/wp\/v2\/categories?post=1388"},{"taxonomy":"post_tag","embeddable":true,"href":"https:\/\/fdnoaxaca.net\/index.php\/wp-json\/wp\/v2\/tags?post=1388"}],"curies":[{"name":"wp","href":"https:\/\/api.w.org\/{rel}","templated":true}]}}