{"id":1405,"date":"2019-08-20T04:52:09","date_gmt":"2019-08-20T04:52:09","guid":{"rendered":"http:\/\/fdnoaxaca.net\/?p=1405"},"modified":"2019-08-20T04:52:13","modified_gmt":"2019-08-20T04:52:13","slug":"muere-trabajador-en-mina-en-oaxaca","status":"publish","type":"post","link":"https:\/\/fdnoaxaca.net\/index.php\/2019\/08\/20\/muere-trabajador-en-mina-en-oaxaca\/","title":{"rendered":"Muere trabajador en mina en Oaxaca"},"content":{"rendered":"\n<p>Oaxaca de Ju\u00e1rez, Oax. 19 de agosto de 2019.- Un trabajador de la empresa minera canadiense Fortuna Silver muri\u00f3 bajo tierra en Oaxaca.<\/p>\n\n\n\n<p>El hecho sucedi\u00f3 el domingo cuando el operador de una excavadora laboraba bajo tierra en la mina de San Jos\u00e9, ubicada en la comunidad zapoteca de San Jos\u00e9 del Pogreso, en la regi\u00f3n de Valles Centrales. <\/p>\n\n\n\n<p>Tras el accidente, la empresa suspendi\u00f3 las operaciones este lunes de manera temporal mientras se realizaba la investigaci\u00f3n correspondiente. <\/p>\n\n\n\n<p>Ante la muerte del trabajador, la minera lament\u00f3 el hecho y ofreci\u00f3 su apoyo a la familia de la v\u00edctima. <\/p>\n\n\n\n<p>&#8220;Estamos profundamente tristes por este tr\u00e1gico accidente en nuestra mina, y nuestros pensamientos est\u00e1n con la familia, amigos y compa\u00f1eros de trabajo de nuestro colega, a quienes estamos ofreciendo nuestro apoyo en este momento dif\u00edcil. La salud y seguridad de nuestros trabajadores en nuestras minas es nuestra m\u00e1xima prioridad&#8221;, declar\u00f3 el presidente de la compa\u00f1\u00eda Jorge A. Ganoza. <br><br><br><br><\/p>\n","protected":false},"excerpt":{"rendered":"<p>Oaxaca de Ju\u00e1rez, Oax. 19 de agosto de 2019.- Un trabajador de la empresa minera canadiense Fortuna Silver muri\u00f3 bajo tierra en Oaxaca. El hecho sucedi\u00f3 el domingo cuando el operador de una excavadora laboraba bajo tierra en la mina de San Jos\u00e9, ubicada en la comunidad zapoteca de San Jos\u00e9 del Pogreso, en la&#8230;<\/p>\n","protected":false},"author":4,"featured_media":1406,"comment_status":"closed","ping_status":"closed","sticky":false,"template":"","format":"standard","meta":{"footnotes":""},"categories":[49],"tags":[],"class_list":["post-1405","post","type-post","status-publish","format-standard","has-post-thumbnail","hentry","category-titulares"],"_links":{"self":[{"href":"https:\/\/fdnoaxaca.net\/index.php\/wp-json\/wp\/v2\/posts\/1405","targetHints":{"allow":["GET"]}}],"collection":[{"href":"https:\/\/fdnoaxaca.net\/index.php\/wp-json\/wp\/v2\/posts"}],"about":[{"href":"https:\/\/fdnoaxaca.net\/index.php\/wp-json\/wp\/v2\/types\/post"}],"author":[{"embeddable":true,"href":"https:\/\/fdnoaxaca.net\/index.php\/wp-json\/wp\/v2\/users\/4"}],"replies":[{"embeddable":true,"href":"https:\/\/fdnoaxaca.net\/index.php\/wp-json\/wp\/v2\/comments?post=1405"}],"version-history":[{"count":1,"href":"https:\/\/fdnoaxaca.net\/index.php\/wp-json\/wp\/v2\/posts\/1405\/revisions"}],"predecessor-version":[{"id":1407,"href":"https:\/\/fdnoaxaca.net\/index.php\/wp-json\/wp\/v2\/posts\/1405\/revisions\/1407"}],"wp:featuredmedia":[{"embeddable":true,"href":"https:\/\/fdnoaxaca.net\/index.php\/wp-json\/wp\/v2\/media\/1406"}],"wp:attachment":[{"href":"https:\/\/fdnoaxaca.net\/index.php\/wp-json\/wp\/v2\/media?parent=1405"}],"wp:term":[{"taxonomy":"category","embeddable":true,"href":"https:\/\/fdnoaxaca.net\/index.php\/wp-json\/wp\/v2\/categories?post=1405"},{"taxonomy":"post_tag","embeddable":true,"href":"https:\/\/fdnoaxaca.net\/index.php\/wp-json\/wp\/v2\/tags?post=1405"}],"curies":[{"name":"wp","href":"https:\/\/api.w.org\/{rel}","templated":true}]}}