{"id":14278,"date":"2024-01-19T17:36:22","date_gmt":"2024-01-19T22:36:22","guid":{"rendered":"https:\/\/fdnoaxaca.net\/?p=14278"},"modified":"2024-01-19T17:36:25","modified_gmt":"2024-01-19T22:36:25","slug":"fortalecer-una-justicia-humanizada-y-sensible-pide-magistrada-berenice-ramirez-a-jueces","status":"publish","type":"post","link":"https:\/\/fdnoaxaca.net\/index.php\/2024\/01\/19\/fortalecer-una-justicia-humanizada-y-sensible-pide-magistrada-berenice-ramirez-a-jueces\/","title":{"rendered":"Fortalecer una justicia humanizada y sensible,\u00a0pide magistrada Berenice Ram\u00edrez a jueces"},"content":{"rendered":"\n<p><\/p>\n\n\n\n<ul class=\"wp-block-list\">\n<li>La titular del Poder Judicial sostuvo reuni\u00f3n con jueces en materia civil, familiar, mercantil, penal, mixta, especializados en justicia para adolescentes y del sistema acusatorio penal.<\/li>\n<\/ul>\n\n\n\n<p>Reyes Mantec\u00f3n, San Bartolo Coyotepec. 19 de enero de 2024.-\u00a0En un primer encuentro con jueces adscritos a las diferentes regiones de la entidad, la titular del Poder Judicial del Estado, magistrada Berenice Ram\u00edrez Jim\u00e9nez, reafirm\u00f3 el compromiso de su administraci\u00f3n de establecer en esta nueva etapa de la instituci\u00f3n, un trabajo humanizado y sensible, en equipo y con di\u00e1logo permanente.\u00a0\u00a0<\/p>\n\n\n\n<p>Acompa\u00f1ada por directores de diferentes \u00e1reas administrativas, la presidenta del Tribunal Superior de Justicia intercambi\u00f3 puntos de vista con los asistentes para integrar un diagn\u00f3stico que permita aportar mejoras a la funci\u00f3n jurisdiccional.<\/p>\n\n\n\n<p>Asimismo, atendi\u00f3 las inquietudes que le expusieron y les pidi\u00f3 continuar desempe\u00f1\u00e1ndose con responsabilidad, \u00e9tica, imparcialidad y honestidad, a la altura de las exigencias de la sociedad. \u201cSe que con su ayuda y trabajo colaborativo podemos hacer grandes cambios\u201d, enfatiz\u00f3.<\/p>\n\n\n\n<p>En entrevista al t\u00e9rmino del encuentro, la jueza Leticia Meneses Concha, coment\u00f3 que estos encuentros permiten afianzar la cercan\u00eda con la Magistrada Presidenta hacia los jueces, quienes son la primera cara hacia el usuario que demanda justicia. \u201cLe agradecemos mucho que interact\u00fae con nosotros y la calidad y calidez humana que nos ha mostrado\u201d, dijo.<\/p>\n\n\n\n<p>Por su parte, el juez Pablo Escobar Garc\u00eda consider\u00f3 que este acercamiento les permiti\u00f3 exponer diferentes temas respecto de las carencias que se presentan en algunos de los juzgados. Asimismo, reconoci\u00f3 la apertura, sensibilidad y visi\u00f3n de la magistrada Berenice Ram\u00edrez Jim\u00e9nez.&nbsp;<\/p>\n\n\n\n<p>A la reuni\u00f3n, asistieron jueces en materia civil, familiar, mercantil, penal y mixta del sistema tradicional, especializados en justicia para adolescentes, as\u00ed como del sistema acusatorio penal.<\/p>\n","protected":false},"excerpt":{"rendered":"<p>Reyes Mantec\u00f3n, San Bartolo Coyotepec. 19 de enero de 2024.-\u00a0En un primer encuentro con jueces adscritos a las diferentes regiones de la entidad, la titular del Poder Judicial del Estado, magistrada Berenice Ram\u00edrez Jim\u00e9nez, reafirm\u00f3 el compromiso de su administraci\u00f3n de establecer en esta nueva etapa de la instituci\u00f3n, un trabajo humanizado y sensible, en&#8230;<\/p>\n","protected":false},"author":4,"featured_media":14280,"comment_status":"closed","ping_status":"closed","sticky":false,"template":"","format":"standard","meta":{"footnotes":""},"categories":[49],"tags":[],"class_list":["post-14278","post","type-post","status-publish","format-standard","has-post-thumbnail","hentry","category-titulares"],"_links":{"self":[{"href":"https:\/\/fdnoaxaca.net\/index.php\/wp-json\/wp\/v2\/posts\/14278","targetHints":{"allow":["GET"]}}],"collection":[{"href":"https:\/\/fdnoaxaca.net\/index.php\/wp-json\/wp\/v2\/posts"}],"about":[{"href":"https:\/\/fdnoaxaca.net\/index.php\/wp-json\/wp\/v2\/types\/post"}],"author":[{"embeddable":true,"href":"https:\/\/fdnoaxaca.net\/index.php\/wp-json\/wp\/v2\/users\/4"}],"replies":[{"embeddable":true,"href":"https:\/\/fdnoaxaca.net\/index.php\/wp-json\/wp\/v2\/comments?post=14278"}],"version-history":[{"count":1,"href":"https:\/\/fdnoaxaca.net\/index.php\/wp-json\/wp\/v2\/posts\/14278\/revisions"}],"predecessor-version":[{"id":14281,"href":"https:\/\/fdnoaxaca.net\/index.php\/wp-json\/wp\/v2\/posts\/14278\/revisions\/14281"}],"wp:featuredmedia":[{"embeddable":true,"href":"https:\/\/fdnoaxaca.net\/index.php\/wp-json\/wp\/v2\/media\/14280"}],"wp:attachment":[{"href":"https:\/\/fdnoaxaca.net\/index.php\/wp-json\/wp\/v2\/media?parent=14278"}],"wp:term":[{"taxonomy":"category","embeddable":true,"href":"https:\/\/fdnoaxaca.net\/index.php\/wp-json\/wp\/v2\/categories?post=14278"},{"taxonomy":"post_tag","embeddable":true,"href":"https:\/\/fdnoaxaca.net\/index.php\/wp-json\/wp\/v2\/tags?post=14278"}],"curies":[{"name":"wp","href":"https:\/\/api.w.org\/{rel}","templated":true}]}}