{"id":1430,"date":"2019-08-23T18:23:03","date_gmt":"2019-08-23T18:23:03","guid":{"rendered":"http:\/\/fdnoaxaca.net\/?p=1430"},"modified":"2019-08-23T18:23:06","modified_gmt":"2019-08-23T18:23:06","slug":"tres-muertos-y-dos-desaparecidos-saldo-preliminar-de-ataque-en-municipio-de-oaxaca","status":"publish","type":"post","link":"https:\/\/fdnoaxaca.net\/index.php\/2019\/08\/23\/tres-muertos-y-dos-desaparecidos-saldo-preliminar-de-ataque-en-municipio-de-oaxaca\/","title":{"rendered":"Tres muertos y dos desaparecidos, saldo preliminar de ataque en municipio de Oaxaca"},"content":{"rendered":"\n<p>Oaxaca de Ju\u00e1rez, Oax. 23 de agosto de 2019.- Tres personas muertas y dos desaparecidas es el saldo preliminar de un ataque armado ocurrido contra la poblaci\u00f3n de San Marcial Ozolotepec, en Oaxaca.<\/p>\n\n\n\n<p>La balacera ocurri\u00f3 en los primeros minutos de este viernes en este municipio perteneciente al distrito de Miahuatl\u00e1n, en la regi\u00f3n de la Sierra Sur de Oaxaca, confirm\u00f3 el gobernador Alejandro Murat Hinojosa.<\/p>\n\n\n\n<p>\u201cSe siguen las investigaciones, hasta el momento hay tres decesos y dos personas desaparecidas, ya hay un m\u00f3vil que est\u00e1 investigando la Fiscal\u00eda\u201d, declar\u00f3. <\/p>\n\n\n\n<p>De acuerdo con el reporte preliminar, un grupo armado en dos camionetas ingres\u00f3 a viviendas del barrio Yuyu, donde dispar\u00f3 contra los habitantes y secuestr\u00f3 a dos, en los primeros minutos de este viernes.<\/p>\n\n\n\n<p>Elementos de la Agencia Estatal de Investigaciones, la Polic\u00eda Estatal, la Fiscal\u00eda General y la Guardia Nacional acudieron al municipio distante a unos 177 kil\u00f3metros de la capital de Oaxaca para reforzar la seguridad e investigar los hechos.<\/p>\n","protected":false},"excerpt":{"rendered":"<p>Oaxaca de Ju\u00e1rez, Oax. 23 de agosto de 2019.- Tres personas muertas y dos desaparecidas es el saldo preliminar de un ataque armado ocurrido contra la poblaci\u00f3n de San Marcial Ozolotepec, en Oaxaca. La balacera ocurri\u00f3 en los primeros minutos de este viernes en este municipio perteneciente al distrito de Miahuatl\u00e1n, en la regi\u00f3n de&#8230;<\/p>\n","protected":false},"author":4,"featured_media":1431,"comment_status":"closed","ping_status":"closed","sticky":false,"template":"","format":"standard","meta":{"footnotes":""},"categories":[49],"tags":[],"class_list":["post-1430","post","type-post","status-publish","format-standard","has-post-thumbnail","hentry","category-titulares"],"_links":{"self":[{"href":"https:\/\/fdnoaxaca.net\/index.php\/wp-json\/wp\/v2\/posts\/1430","targetHints":{"allow":["GET"]}}],"collection":[{"href":"https:\/\/fdnoaxaca.net\/index.php\/wp-json\/wp\/v2\/posts"}],"about":[{"href":"https:\/\/fdnoaxaca.net\/index.php\/wp-json\/wp\/v2\/types\/post"}],"author":[{"embeddable":true,"href":"https:\/\/fdnoaxaca.net\/index.php\/wp-json\/wp\/v2\/users\/4"}],"replies":[{"embeddable":true,"href":"https:\/\/fdnoaxaca.net\/index.php\/wp-json\/wp\/v2\/comments?post=1430"}],"version-history":[{"count":1,"href":"https:\/\/fdnoaxaca.net\/index.php\/wp-json\/wp\/v2\/posts\/1430\/revisions"}],"predecessor-version":[{"id":1432,"href":"https:\/\/fdnoaxaca.net\/index.php\/wp-json\/wp\/v2\/posts\/1430\/revisions\/1432"}],"wp:featuredmedia":[{"embeddable":true,"href":"https:\/\/fdnoaxaca.net\/index.php\/wp-json\/wp\/v2\/media\/1431"}],"wp:attachment":[{"href":"https:\/\/fdnoaxaca.net\/index.php\/wp-json\/wp\/v2\/media?parent=1430"}],"wp:term":[{"taxonomy":"category","embeddable":true,"href":"https:\/\/fdnoaxaca.net\/index.php\/wp-json\/wp\/v2\/categories?post=1430"},{"taxonomy":"post_tag","embeddable":true,"href":"https:\/\/fdnoaxaca.net\/index.php\/wp-json\/wp\/v2\/tags?post=1430"}],"curies":[{"name":"wp","href":"https:\/\/api.w.org\/{rel}","templated":true}]}}