{"id":14416,"date":"2024-02-29T16:56:04","date_gmt":"2024-02-29T21:56:04","guid":{"rendered":"https:\/\/fdnoaxaca.net\/?p=14416"},"modified":"2024-02-29T16:56:08","modified_gmt":"2024-02-29T21:56:08","slug":"en-este-poder-judicial-habra-justicia-para-majo-y-para-todas-las-mujeres-violentadas-berenice-ramirez","status":"publish","type":"post","link":"https:\/\/fdnoaxaca.net\/index.php\/2024\/02\/29\/en-este-poder-judicial-habra-justicia-para-majo-y-para-todas-las-mujeres-violentadas-berenice-ramirez\/","title":{"rendered":"En este Poder Judicial habr\u00e1 justicia para Majo y para todas las mujeres violentadas: Berenice Ram\u00edrez"},"content":{"rendered":"\n<p><\/p>\n\n\n\n<ul class=\"wp-block-list\">\n<li>La titular del Poder Judicial del Estado afirm\u00f3 que, con imparcialidad y apego irrestricto a la ley, no quedar\u00e1 impune ning\u00fan caso relacionado con violencia familiar y hacia las mujeres que est\u00e9 en manos de los juzgados adscritos al Tribunal Superior de Justicia de Oaxaca.<\/li>\n<\/ul>\n\n\n\n<p>Reyes Mantec\u00f3n, San Bartolo Coyotepec. 29 de febrero de 2024.- El Poder Judicial del Estado de Oaxaca reiter\u00f3 su compromiso y responsabilidad de actuar escrupulosamente desde el \u00e1mbito de su competencia, en los casos de violencia contra las mujeres y de garantizar el pleno respeto de sus derechos fundamentales. Esto, como parte de una pol\u00edtica de cero tolerancia ante la comisi\u00f3n de il\u00edcitos contra ellas.&nbsp;<\/p>\n\n\n\n<p><br>La magistrada presidenta Berenice Ram\u00edrez Jim\u00e9nez afirm\u00f3 que uno de los ejes centrales en su administraci\u00f3n, donde todas las voces ser\u00e1n escuchadas, es la aplicaci\u00f3n de una justicia con perspectiva de g\u00e9nero, sensible, incluyente y accesible, con responsabilidad social.<\/p>\n\n\n\n<p>Ante la visibilizaci\u00f3n que ha recibido el caso de Majo -violentada durante una transmisi\u00f3n en redes sociales- suscitado en San Francisco Telixtlahuaca, cuyo agresor identificado como J.M.F.R. se encuentra a disposici\u00f3n de la autoridad ministerial correspondiente, luego de la intervenci\u00f3n de la Fiscal\u00eda General del Estado, la titular del Poder Judicial asegur\u00f3 que no habr\u00e1 impunidad ni en este ni en ning\u00fan otro asunto relacionado con violencia familiar y hacia las mujeres.<\/p>\n\n\n\n<p>Resalt\u00f3 que desde su llegada al frente del Poder Judicial del Estado se han emprendido diferentes acciones y estrategias en la materia y ha instruido a los servidores p\u00fablicos a priorizar la premisa de juzgar con perspectiva de g\u00e9nero, en la firme convicci\u00f3n de que con la fuerza institucional se contribuya a la erradicaci\u00f3n de este grave flagelo a nivel mundial, que cobra vidas.<\/p>\n\n\n\n<p>\u201cLa violencia contra las mujeres, en cualquiera de sus expresiones, es y debe ser inaceptable. En el Poder Judicial de Oaxaca avanzamos hacia una mejor justicia donde todas las personas tienen garantizado el resguardo de sus derechos\u201d, puntualiz\u00f3.<\/p>\n","protected":false},"excerpt":{"rendered":"<p>Reyes Mantec\u00f3n, San Bartolo Coyotepec. 29 de febrero de 2024.- El Poder Judicial del Estado de Oaxaca reiter\u00f3 su compromiso y responsabilidad de actuar escrupulosamente desde el \u00e1mbito de su competencia, en los casos de violencia contra las mujeres y de garantizar el pleno respeto de sus derechos fundamentales. Esto, como parte de una pol\u00edtica&#8230;<\/p>\n","protected":false},"author":4,"featured_media":14417,"comment_status":"closed","ping_status":"closed","sticky":false,"template":"","format":"standard","meta":{"footnotes":""},"categories":[49],"tags":[],"class_list":["post-14416","post","type-post","status-publish","format-standard","has-post-thumbnail","hentry","category-titulares"],"_links":{"self":[{"href":"https:\/\/fdnoaxaca.net\/index.php\/wp-json\/wp\/v2\/posts\/14416","targetHints":{"allow":["GET"]}}],"collection":[{"href":"https:\/\/fdnoaxaca.net\/index.php\/wp-json\/wp\/v2\/posts"}],"about":[{"href":"https:\/\/fdnoaxaca.net\/index.php\/wp-json\/wp\/v2\/types\/post"}],"author":[{"embeddable":true,"href":"https:\/\/fdnoaxaca.net\/index.php\/wp-json\/wp\/v2\/users\/4"}],"replies":[{"embeddable":true,"href":"https:\/\/fdnoaxaca.net\/index.php\/wp-json\/wp\/v2\/comments?post=14416"}],"version-history":[{"count":1,"href":"https:\/\/fdnoaxaca.net\/index.php\/wp-json\/wp\/v2\/posts\/14416\/revisions"}],"predecessor-version":[{"id":14418,"href":"https:\/\/fdnoaxaca.net\/index.php\/wp-json\/wp\/v2\/posts\/14416\/revisions\/14418"}],"wp:featuredmedia":[{"embeddable":true,"href":"https:\/\/fdnoaxaca.net\/index.php\/wp-json\/wp\/v2\/media\/14417"}],"wp:attachment":[{"href":"https:\/\/fdnoaxaca.net\/index.php\/wp-json\/wp\/v2\/media?parent=14416"}],"wp:term":[{"taxonomy":"category","embeddable":true,"href":"https:\/\/fdnoaxaca.net\/index.php\/wp-json\/wp\/v2\/categories?post=14416"},{"taxonomy":"post_tag","embeddable":true,"href":"https:\/\/fdnoaxaca.net\/index.php\/wp-json\/wp\/v2\/tags?post=14416"}],"curies":[{"name":"wp","href":"https:\/\/api.w.org\/{rel}","templated":true}]}}