{"id":14804,"date":"2024-05-06T13:10:19","date_gmt":"2024-05-06T18:10:19","guid":{"rendered":"https:\/\/fdnoaxaca.net\/?p=14804"},"modified":"2024-05-06T13:10:22","modified_gmt":"2024-05-06T18:10:22","slug":"crea-poder-judicial-en-oaxaca-su-voluntariado-para-acercar-a-la-institucion-con-la-sociedad","status":"publish","type":"post","link":"https:\/\/fdnoaxaca.net\/index.php\/2024\/05\/06\/crea-poder-judicial-en-oaxaca-su-voluntariado-para-acercar-a-la-institucion-con-la-sociedad\/","title":{"rendered":"Crea Poder Judicial en Oaxaca su &#8220;Voluntariado&#8221;, para acercar a la instituci\u00f3n con la sociedad"},"content":{"rendered":"\n<ul class=\"wp-block-list\">\n<li>A iniciativa de la magistrada presidenta Berenice Ram\u00edrez Jim\u00e9nez, brindar\u00e1 atenci\u00f3n solidaria a grupos en situaci\u00f3n de vulnerabilidad y generar\u00e1 cercan\u00eda entre los sectores de la sociedad. <\/li>\n<\/ul>\n\n\n\n<p>Reyes Mantec\u00f3n, San Bartolo Coyotepec. 6 de mayo de 2024.- Para fortalecer v\u00ednculos con la sociedad, impulsar actividades altruistas en apoyo a grupos en situaci\u00f3n de vulnerabilidad y continuar humanizando la justicia, se conform\u00f3 el Voluntariado del Poder Judicial del Estado, que marca un precedente hist\u00f3rico en la instituci\u00f3n y es una iniciativa de la administraci\u00f3n de la magistrada presidenta Berenice Ram\u00edrez Jim\u00e9nez, a la que distingue su labor por la inclusi\u00f3n, accesibilidad, compromiso y responsabilidad social.<\/p>\n\n\n\n<p>En sesi\u00f3n conjunta, los Plenos del Tribunal Superior de Justicia y del Consejo de la Judicatura del Estado aprobaron mediante Acuerdo General Conjunto 2\/2024 la creaci\u00f3n del Voluntariado que presidir\u00e1 de manera honoraria la titular del Poder Judicial. Tambi\u00e9n, como parte de su integraci\u00f3n fueron electas como primer sinodal la magistrada Mar\u00eda Cristina Mart\u00ednez Tenorio, de la Primera Sala Penal y Especializada en Adolescentes Colegiada y como segunda sinodal la magistrada Genoveva Dulce Javier Agust\u00edn, de la Segunda Sala Civil.&nbsp;<\/p>\n\n\n\n<p>Adem\u00e1s, se sustentar\u00e1 en la participaci\u00f3n libre de personas f\u00edsicas, altruistas y solidarias, dispuestas a trabajar en favor de la comunidad laboral del Poder Judicial, sin remuneraci\u00f3n ni contraprestaci\u00f3n econ\u00f3mica alguna; especialmente familiares de magistrados, consejeros, jueces, as\u00ed como personal jurisdiccional y administrativo, que decidan aportar su tiempo, conocimientos, experiencia y talento a favor de quienes m\u00e1s lo necesiten.<\/p>\n\n\n\n<p>Como una de las primeras actividades del Voluntariado, en el marco de la campa\u00f1a Mayo, Mes de las Maternidades en el Poder Judicial, se organizar\u00e1 una colecta de art\u00edculos femeninos y productos de higiene personal en beneficio de mujeres privadas de su libertad y de quienes se encuentran junto con sus hijos en casas refugio.<\/p>\n","protected":false},"excerpt":{"rendered":"<p>Reyes Mantec\u00f3n, San Bartolo Coyotepec. 6 de mayo de 2024.- Para fortalecer v\u00ednculos con la sociedad, impulsar actividades altruistas en apoyo a grupos en situaci\u00f3n de vulnerabilidad y continuar humanizando la justicia, se conform\u00f3 el Voluntariado del Poder Judicial del Estado, que marca un precedente hist\u00f3rico en la instituci\u00f3n y es una iniciativa de la&#8230;<\/p>\n","protected":false},"author":4,"featured_media":14805,"comment_status":"closed","ping_status":"closed","sticky":false,"template":"","format":"standard","meta":{"footnotes":""},"categories":[49],"tags":[],"class_list":["post-14804","post","type-post","status-publish","format-standard","has-post-thumbnail","hentry","category-titulares"],"_links":{"self":[{"href":"https:\/\/fdnoaxaca.net\/index.php\/wp-json\/wp\/v2\/posts\/14804","targetHints":{"allow":["GET"]}}],"collection":[{"href":"https:\/\/fdnoaxaca.net\/index.php\/wp-json\/wp\/v2\/posts"}],"about":[{"href":"https:\/\/fdnoaxaca.net\/index.php\/wp-json\/wp\/v2\/types\/post"}],"author":[{"embeddable":true,"href":"https:\/\/fdnoaxaca.net\/index.php\/wp-json\/wp\/v2\/users\/4"}],"replies":[{"embeddable":true,"href":"https:\/\/fdnoaxaca.net\/index.php\/wp-json\/wp\/v2\/comments?post=14804"}],"version-history":[{"count":1,"href":"https:\/\/fdnoaxaca.net\/index.php\/wp-json\/wp\/v2\/posts\/14804\/revisions"}],"predecessor-version":[{"id":14806,"href":"https:\/\/fdnoaxaca.net\/index.php\/wp-json\/wp\/v2\/posts\/14804\/revisions\/14806"}],"wp:featuredmedia":[{"embeddable":true,"href":"https:\/\/fdnoaxaca.net\/index.php\/wp-json\/wp\/v2\/media\/14805"}],"wp:attachment":[{"href":"https:\/\/fdnoaxaca.net\/index.php\/wp-json\/wp\/v2\/media?parent=14804"}],"wp:term":[{"taxonomy":"category","embeddable":true,"href":"https:\/\/fdnoaxaca.net\/index.php\/wp-json\/wp\/v2\/categories?post=14804"},{"taxonomy":"post_tag","embeddable":true,"href":"https:\/\/fdnoaxaca.net\/index.php\/wp-json\/wp\/v2\/tags?post=14804"}],"curies":[{"name":"wp","href":"https:\/\/api.w.org\/{rel}","templated":true}]}}