{"id":14813,"date":"2024-05-07T11:12:41","date_gmt":"2024-05-07T16:12:41","guid":{"rendered":"https:\/\/fdnoaxaca.net\/?p=14813"},"modified":"2024-05-07T11:12:43","modified_gmt":"2024-05-07T16:12:43","slug":"inicia-poder-judicial-semanario-estatal-sobre-derecho-familiar","status":"publish","type":"post","link":"https:\/\/fdnoaxaca.net\/index.php\/2024\/05\/07\/inicia-poder-judicial-semanario-estatal-sobre-derecho-familiar\/","title":{"rendered":"Inicia Poder Judicial semanario estatal sobre derecho familiar\u00a0"},"content":{"rendered":"\n<ul class=\"wp-block-list\">\n<li>La magistrada presidenta Berenice Ram\u00edrez Jim\u00e9nez inaugur\u00f3 las actividades que como primera mesa de an\u00e1lisis se abord\u00f3 el tema \u201cImportancia de la Familia&#8221;.<\/li>\n<\/ul>\n\n\n\n<p>Reyes Mantec\u00f3n, San Bartolo Coyotepec. 7 de mayo de 2024.- El Poder Judicial del Estado dio inicio al Seminario Estatal \u201cProgresividad del Derecho Familiar, desde una visi\u00f3n de Derechos Humanos y Perspectiva de G\u00e9nero\u201d, dirigido a magistrados, consejeros, jueces y personal jurisdiccional, organizado en el marco del D\u00eda Internacional de las Familias, establecido por la ONU con el fin de que cada 15 de mayo se conmemore en todo el mundo, para crear conciencia sobre su importante papel y los cambios que ha tenido.<\/p>\n\n\n\n<p>Al inaugurar las actividades que tienen como sede el auditorio del Tribunal Superior de Justicia, la magistrada presidenta Berenice Ram\u00edrez Jim\u00e9nez indic\u00f3 que los temas que se abordar\u00e1n ser\u00e1n de gran relevancia para continuar con los procesos transformativos de impartir una justicia que impacte de manera positiva la vida de las personas justiciables. \u201cEn esta administraci\u00f3n estamos todos juntos trabajando por una justicia sensible, accesible, con responsabilidad social\u201d, dijo.&nbsp;<\/p>\n\n\n\n<p>Portando las gafas violeta, s\u00edmbolo para referirse a una mirada con la perspectiva de g\u00e9nero, se\u00f1al\u00f3 que la familia es un espacio en el que &#8220;construimos, educamos, cuidamos y satisfacemos las necesidades b\u00e1sicas&#8221;. Sin embargo, tambi\u00e9n son espacios en los que principalmente mujeres de diversas edades, ni\u00f1as, ni\u00f1os, adolescentes; personas adultas mayores con alguna discapacidad o en alguna situaci\u00f3n de vulnerabilidad, sufren violencia en sus diversas modalidades, de ah\u00ed la importancia de sumar acciones para su protecci\u00f3n y apoyo.&nbsp;<\/p>\n\n\n\n<p>Como primera mesa de an\u00e1lisis se abord\u00f3 el tema \u201cImportancia de la Familia, y retos en el acceso a la justicia\u201d, con la participaci\u00f3n del presidente de la Sala Familiar del Tribunal Superior de Justicia del Estado, magistrado Jos\u00e9 Luis Reyes Hern\u00e1ndez; y las integrantes de la misma, magistrada Flor de Mar\u00eda Arellanes Luna y jueza Adriana L\u00f3pez Arango. Como moderadora fungi\u00f3 la jueza Mar\u00eda de Lourdes Rojas R\u00edos.&nbsp;<\/p>\n\n\n\n<p>El programa acad\u00e9mico continuar\u00e1 el lunes 13 de mayo con la conferencia \u201cLa violencia familiar dirigida a las personas con discapacidad. Importancia de visibilizarla\u201d; el viernes 24 de mayo se desarrollar\u00e1 el Simposio \u201cCorresponsabilidad de la vida laboral, personal y familia\u201d, y para concluir el 31 de mayo tendr\u00e1 lugar la mesa de an\u00e1lisis \u201cViolencia vicaria. El deber de visibilizar, la obligaci\u00f3n de atender y erradicar este tipo de violencia.&nbsp;<\/p>\n","protected":false},"excerpt":{"rendered":"<p>Reyes Mantec\u00f3n, San Bartolo Coyotepec. 7 de mayo de 2024.- El Poder Judicial del Estado dio inicio al Seminario Estatal \u201cProgresividad del Derecho Familiar, desde una visi\u00f3n de Derechos Humanos y Perspectiva de G\u00e9nero\u201d, dirigido a magistrados, consejeros, jueces y personal jurisdiccional, organizado en el marco del D\u00eda Internacional de las Familias, establecido por la&#8230;<\/p>\n","protected":false},"author":4,"featured_media":14814,"comment_status":"closed","ping_status":"closed","sticky":false,"template":"","format":"standard","meta":{"footnotes":""},"categories":[49],"tags":[],"class_list":["post-14813","post","type-post","status-publish","format-standard","has-post-thumbnail","hentry","category-titulares"],"_links":{"self":[{"href":"https:\/\/fdnoaxaca.net\/index.php\/wp-json\/wp\/v2\/posts\/14813","targetHints":{"allow":["GET"]}}],"collection":[{"href":"https:\/\/fdnoaxaca.net\/index.php\/wp-json\/wp\/v2\/posts"}],"about":[{"href":"https:\/\/fdnoaxaca.net\/index.php\/wp-json\/wp\/v2\/types\/post"}],"author":[{"embeddable":true,"href":"https:\/\/fdnoaxaca.net\/index.php\/wp-json\/wp\/v2\/users\/4"}],"replies":[{"embeddable":true,"href":"https:\/\/fdnoaxaca.net\/index.php\/wp-json\/wp\/v2\/comments?post=14813"}],"version-history":[{"count":1,"href":"https:\/\/fdnoaxaca.net\/index.php\/wp-json\/wp\/v2\/posts\/14813\/revisions"}],"predecessor-version":[{"id":14815,"href":"https:\/\/fdnoaxaca.net\/index.php\/wp-json\/wp\/v2\/posts\/14813\/revisions\/14815"}],"wp:featuredmedia":[{"embeddable":true,"href":"https:\/\/fdnoaxaca.net\/index.php\/wp-json\/wp\/v2\/media\/14814"}],"wp:attachment":[{"href":"https:\/\/fdnoaxaca.net\/index.php\/wp-json\/wp\/v2\/media?parent=14813"}],"wp:term":[{"taxonomy":"category","embeddable":true,"href":"https:\/\/fdnoaxaca.net\/index.php\/wp-json\/wp\/v2\/categories?post=14813"},{"taxonomy":"post_tag","embeddable":true,"href":"https:\/\/fdnoaxaca.net\/index.php\/wp-json\/wp\/v2\/tags?post=14813"}],"curies":[{"name":"wp","href":"https:\/\/api.w.org\/{rel}","templated":true}]}}