{"id":1487,"date":"2019-09-03T15:03:42","date_gmt":"2019-09-03T15:03:42","guid":{"rendered":"http:\/\/fdnoaxaca.net\/?p=1487"},"modified":"2019-09-03T15:03:45","modified_gmt":"2019-09-03T15:03:45","slug":"tras-cambio-de-director-comienza-ciclo-escolar-en-secundaria-de-oaxaca","status":"publish","type":"post","link":"https:\/\/fdnoaxaca.net\/index.php\/2019\/09\/03\/tras-cambio-de-director-comienza-ciclo-escolar-en-secundaria-de-oaxaca\/","title":{"rendered":"Tras cambio de director, comienza ciclo escolar en secundaria de Oaxaca"},"content":{"rendered":"\n<p>Oaxaca de Ju\u00e1rez, Oax. 3 de septiembre de 2019.- Tras la renovaci\u00f3n de director, este martes comenz\u00f3 el nuevo ciclo escolar en la secundaria Rodolfo Morales en la ciudad de Oaxaca, a m\u00e1s de una semana del inicio oficial de las clases en el pa\u00eds. <\/p>\n\n\n\n<p>Durante las vacaciones, un conflicto interno surgi\u00f3 entre padres de familia y docentes derivado de la inconformidad de la plantilla de profesores. <\/p>\n\n\n\n<p>Debido a ello, fue necesaria la intervenci\u00f3n de representantes del Instituto Estatal de Educaci\u00f3n P\u00fablica de Oaxaca (IEEPO) y de la Secretar\u00eda General de Gobierno (Segego), quienes decidieron la designaci\u00f3n de Luis Eugenio L\u00f3pez, como nuevo director de la escuela y con ello, el inicio del ciclo escolar 2019-2020 a partir de este martes. <\/p>\n\n\n\n<p>El plantel atiende en promedio a unos 320 alumnos del nivel de educaci\u00f3n b\u00e1sica. <\/p>\n\n\n\n<p>Debido al atraso en el inicio del ciclo escolar, el IEEPO asegur\u00f3 que se establecer\u00e1 un estrategia para recuperar los contenidos de la primera semana del plan de estudios. <br>\n<\/p>\n","protected":false},"excerpt":{"rendered":"<p>Oaxaca de Ju\u00e1rez, Oax. 3 de septiembre de 2019.- Tras la renovaci\u00f3n de director, este martes comenz\u00f3 el nuevo ciclo escolar en la secundaria Rodolfo Morales en la ciudad de Oaxaca, a m\u00e1s de una semana del inicio oficial de las clases en el pa\u00eds. Durante las vacaciones, un conflicto interno surgi\u00f3 entre padres de&#8230;<\/p>\n","protected":false},"author":4,"featured_media":1488,"comment_status":"closed","ping_status":"closed","sticky":false,"template":"","format":"standard","meta":{"footnotes":""},"categories":[49],"tags":[],"class_list":["post-1487","post","type-post","status-publish","format-standard","has-post-thumbnail","hentry","category-titulares"],"_links":{"self":[{"href":"https:\/\/fdnoaxaca.net\/index.php\/wp-json\/wp\/v2\/posts\/1487","targetHints":{"allow":["GET"]}}],"collection":[{"href":"https:\/\/fdnoaxaca.net\/index.php\/wp-json\/wp\/v2\/posts"}],"about":[{"href":"https:\/\/fdnoaxaca.net\/index.php\/wp-json\/wp\/v2\/types\/post"}],"author":[{"embeddable":true,"href":"https:\/\/fdnoaxaca.net\/index.php\/wp-json\/wp\/v2\/users\/4"}],"replies":[{"embeddable":true,"href":"https:\/\/fdnoaxaca.net\/index.php\/wp-json\/wp\/v2\/comments?post=1487"}],"version-history":[{"count":1,"href":"https:\/\/fdnoaxaca.net\/index.php\/wp-json\/wp\/v2\/posts\/1487\/revisions"}],"predecessor-version":[{"id":1489,"href":"https:\/\/fdnoaxaca.net\/index.php\/wp-json\/wp\/v2\/posts\/1487\/revisions\/1489"}],"wp:featuredmedia":[{"embeddable":true,"href":"https:\/\/fdnoaxaca.net\/index.php\/wp-json\/wp\/v2\/media\/1488"}],"wp:attachment":[{"href":"https:\/\/fdnoaxaca.net\/index.php\/wp-json\/wp\/v2\/media?parent=1487"}],"wp:term":[{"taxonomy":"category","embeddable":true,"href":"https:\/\/fdnoaxaca.net\/index.php\/wp-json\/wp\/v2\/categories?post=1487"},{"taxonomy":"post_tag","embeddable":true,"href":"https:\/\/fdnoaxaca.net\/index.php\/wp-json\/wp\/v2\/tags?post=1487"}],"curies":[{"name":"wp","href":"https:\/\/api.w.org\/{rel}","templated":true}]}}