{"id":1490,"date":"2019-09-03T20:55:20","date_gmt":"2019-09-03T20:55:20","guid":{"rendered":"http:\/\/fdnoaxaca.net\/?p=1490"},"modified":"2019-09-03T20:55:24","modified_gmt":"2019-09-03T20:55:24","slug":"cierran-normalistas-edificio-de-la-seccion-22-exigen-plazas-de-docente","status":"publish","type":"post","link":"https:\/\/fdnoaxaca.net\/index.php\/2019\/09\/03\/cierran-normalistas-edificio-de-la-seccion-22-exigen-plazas-de-docente\/","title":{"rendered":"Cierran normalistas edificio de la Secci\u00f3n 22; exigen plazas de docente"},"content":{"rendered":"\n<p>Oaxaca de Ju\u00e1rez, Oax. 3 de septiembre de 2019.- Normalistas egresados de 2015 a 2017 bloquearon este martes el acceso al edificio de la Secci\u00f3n 22 del Sindicato Nacional de Trabajadores de la Educaci\u00f3n (SNTE), en exigencia de la asignaci\u00f3n de 180 plazas de docente.<\/p>\n\n\n\n<p>Acusaron a la dirigencia del sindicato magisterial de supuestamente incumplir con la contrataci\u00f3n inmediata acordada en asambleas estatales y que les prometi\u00f3 la Federaci\u00f3n.<\/p>\n\n\n\n<figure class=\"wp-block-embed-youtube wp-block-embed is-type-video is-provider-youtube wp-embed-aspect-16-9 wp-has-aspect-ratio\"><div class=\"wp-block-embed__wrapper\">\n<iframe loading=\"lazy\" title=\"Cierran normalistas edificio de la Secci\u00f3n 22; exigen plazas de docente\" width=\"640\" height=\"360\" src=\"https:\/\/www.youtube.com\/embed\/99cYQ2MVTVk?feature=oembed\" frameborder=\"0\" allow=\"accelerometer; autoplay; clipboard-write; encrypted-media; gyroscope; picture-in-picture; web-share\" referrerpolicy=\"strict-origin-when-cross-origin\" allowfullscreen><\/iframe>\n<\/div><\/figure>\n\n\n\n<p>Debido a ello, este d\u00eda se apoderaron del edificio sindical ubicado en el Centro Hist\u00f3rico de la ciudad de Oaxaca, para demandar el cumplimiento de sus peticiones.<\/p>\n\n\n\n<p>Exigen 180 plazas de docente para el nivel de educaci\u00f3n b\u00e1sica, para los egresados de las 11 normales de Oaxaca de las generaciones 2015, 2016 y 2017.<\/p>\n\n\n\n<p>Sin embargo, la Secci\u00f3n 22 inform\u00f3 que en esta etapa de acuerdos con el gobierno federal solo se contempla por ahora la contrataci\u00f3n de los egresados de la generaci\u00f3n 2018.<\/p>\n","protected":false},"excerpt":{"rendered":"<p>Oaxaca de Ju\u00e1rez, Oax. 3 de septiembre de 2019.- Normalistas egresados de 2015 a 2017 bloquearon este martes el acceso al edificio de la Secci\u00f3n 22 del Sindicato Nacional de Trabajadores de la Educaci\u00f3n (SNTE), en exigencia de la asignaci\u00f3n de 180 plazas de docente. Acusaron a la dirigencia del sindicato magisterial de supuestamente incumplir&#8230;<\/p>\n","protected":false},"author":4,"featured_media":1492,"comment_status":"closed","ping_status":"closed","sticky":false,"template":"","format":"standard","meta":{"footnotes":""},"categories":[49],"tags":[],"class_list":["post-1490","post","type-post","status-publish","format-standard","has-post-thumbnail","hentry","category-titulares"],"_links":{"self":[{"href":"https:\/\/fdnoaxaca.net\/index.php\/wp-json\/wp\/v2\/posts\/1490","targetHints":{"allow":["GET"]}}],"collection":[{"href":"https:\/\/fdnoaxaca.net\/index.php\/wp-json\/wp\/v2\/posts"}],"about":[{"href":"https:\/\/fdnoaxaca.net\/index.php\/wp-json\/wp\/v2\/types\/post"}],"author":[{"embeddable":true,"href":"https:\/\/fdnoaxaca.net\/index.php\/wp-json\/wp\/v2\/users\/4"}],"replies":[{"embeddable":true,"href":"https:\/\/fdnoaxaca.net\/index.php\/wp-json\/wp\/v2\/comments?post=1490"}],"version-history":[{"count":1,"href":"https:\/\/fdnoaxaca.net\/index.php\/wp-json\/wp\/v2\/posts\/1490\/revisions"}],"predecessor-version":[{"id":1493,"href":"https:\/\/fdnoaxaca.net\/index.php\/wp-json\/wp\/v2\/posts\/1490\/revisions\/1493"}],"wp:featuredmedia":[{"embeddable":true,"href":"https:\/\/fdnoaxaca.net\/index.php\/wp-json\/wp\/v2\/media\/1492"}],"wp:attachment":[{"href":"https:\/\/fdnoaxaca.net\/index.php\/wp-json\/wp\/v2\/media?parent=1490"}],"wp:term":[{"taxonomy":"category","embeddable":true,"href":"https:\/\/fdnoaxaca.net\/index.php\/wp-json\/wp\/v2\/categories?post=1490"},{"taxonomy":"post_tag","embeddable":true,"href":"https:\/\/fdnoaxaca.net\/index.php\/wp-json\/wp\/v2\/tags?post=1490"}],"curies":[{"name":"wp","href":"https:\/\/api.w.org\/{rel}","templated":true}]}}