{"id":15186,"date":"2024-06-19T19:09:37","date_gmt":"2024-06-20T00:09:37","guid":{"rendered":"https:\/\/fdnoaxaca.net\/?p=15186"},"modified":"2024-06-19T19:09:41","modified_gmt":"2024-06-20T00:09:41","slug":"ocasionara-tormenta-tropical-alberto-lluvias-aisladas-en-algunas-regiones-de-oaxaca","status":"publish","type":"post","link":"https:\/\/fdnoaxaca.net\/index.php\/2024\/06\/19\/ocasionara-tormenta-tropical-alberto-lluvias-aisladas-en-algunas-regiones-de-oaxaca\/","title":{"rendered":"Ocasionar\u00e1 tormenta tropical Alberto lluvias aisladas en algunas regiones de Oaxaca"},"content":{"rendered":"\n<p>Oaxaca de Ju\u00e1rez, Oax. 19 de junio de 2024.- La Coordinaci\u00f3n Estatal de Protecci\u00f3n Civil y Gesti\u00f3n de Riesgos (CEPCyGR) informa sobre la reciente formaci\u00f3n de la tormenta tropical Alberto, cuya amplia circulaci\u00f3n y bandas nubosas ocasionar\u00e1 lluvias con tormentas aisladas en la entidad, especialmente en la Sierra de Flores Mag\u00f3n, as\u00ed como en el oriente y norte del Istmo de Tehuantepec.<\/p>\n\n\n\n<p>Estas lluvias pueden producir deslizamientos de laderas en zonas monta\u00f1osas, inundaciones y encharcamientos urbanos por insuficiencia de drenaje, ca\u00edda de \u00e1rboles, desbordamientos de r\u00edos de respuesta r\u00e1pida, crecidas repentinas y ca\u00edda de rocas en carreteras.<\/p>\n\n\n\n<p>La tormenta tropical Alberto se localiz\u00f3 a las 12:00 horas de este mi\u00e9rcoles a 240 kil\u00f3metros al este-noreste de Cabo Rojo, Veracruz y a 290 kil\u00f3metros al este de Tampico, Tamaulipas; se desplaza hacia el oeste a 15 kil\u00f3metros por hora con vientos m\u00e1ximos sostenidos de 65 km\/h y rachas de 85 km\/h.<\/p>\n\n\n\n<p>La dependencia exhorta a la poblaci\u00f3n a atender las recomendaciones de Protecci\u00f3n Civil, capitan\u00edas de puerto; adem\u00e1s de mantenerse informada de las condiciones meteorol\u00f3gicas a trav\u00e9s de los medios y redes sociales oficiales: Facebook @CEPCYGRGobOax y en X @CEPCyGR_GobOax.<\/p>\n","protected":false},"excerpt":{"rendered":"<p>Oaxaca de Ju\u00e1rez, Oax. 19 de junio de 2024.- La Coordinaci\u00f3n Estatal de Protecci\u00f3n Civil y Gesti\u00f3n de Riesgos (CEPCyGR) informa sobre la reciente formaci\u00f3n de la tormenta tropical Alberto, cuya amplia circulaci\u00f3n y bandas nubosas ocasionar\u00e1 lluvias con tormentas aisladas en la entidad, especialmente en la Sierra de Flores Mag\u00f3n, as\u00ed como en el&#8230;<\/p>\n","protected":false},"author":4,"featured_media":15187,"comment_status":"closed","ping_status":"closed","sticky":false,"template":"","format":"standard","meta":{"footnotes":""},"categories":[4],"tags":[],"class_list":["post-15186","post","type-post","status-publish","format-standard","has-post-thumbnail","hentry","category-general"],"_links":{"self":[{"href":"https:\/\/fdnoaxaca.net\/index.php\/wp-json\/wp\/v2\/posts\/15186","targetHints":{"allow":["GET"]}}],"collection":[{"href":"https:\/\/fdnoaxaca.net\/index.php\/wp-json\/wp\/v2\/posts"}],"about":[{"href":"https:\/\/fdnoaxaca.net\/index.php\/wp-json\/wp\/v2\/types\/post"}],"author":[{"embeddable":true,"href":"https:\/\/fdnoaxaca.net\/index.php\/wp-json\/wp\/v2\/users\/4"}],"replies":[{"embeddable":true,"href":"https:\/\/fdnoaxaca.net\/index.php\/wp-json\/wp\/v2\/comments?post=15186"}],"version-history":[{"count":1,"href":"https:\/\/fdnoaxaca.net\/index.php\/wp-json\/wp\/v2\/posts\/15186\/revisions"}],"predecessor-version":[{"id":15188,"href":"https:\/\/fdnoaxaca.net\/index.php\/wp-json\/wp\/v2\/posts\/15186\/revisions\/15188"}],"wp:featuredmedia":[{"embeddable":true,"href":"https:\/\/fdnoaxaca.net\/index.php\/wp-json\/wp\/v2\/media\/15187"}],"wp:attachment":[{"href":"https:\/\/fdnoaxaca.net\/index.php\/wp-json\/wp\/v2\/media?parent=15186"}],"wp:term":[{"taxonomy":"category","embeddable":true,"href":"https:\/\/fdnoaxaca.net\/index.php\/wp-json\/wp\/v2\/categories?post=15186"},{"taxonomy":"post_tag","embeddable":true,"href":"https:\/\/fdnoaxaca.net\/index.php\/wp-json\/wp\/v2\/tags?post=15186"}],"curies":[{"name":"wp","href":"https:\/\/api.w.org\/{rel}","templated":true}]}}