{"id":15189,"date":"2024-06-19T19:22:43","date_gmt":"2024-06-20T00:22:43","guid":{"rendered":"https:\/\/fdnoaxaca.net\/?p=15189"},"modified":"2024-06-19T19:22:46","modified_gmt":"2024-06-20T00:22:46","slug":"se-suma-poder-judicial-del-estado-al-programa-mi-primera-chamba","status":"publish","type":"post","link":"https:\/\/fdnoaxaca.net\/index.php\/2024\/06\/19\/se-suma-poder-judicial-del-estado-al-programa-mi-primera-chamba\/","title":{"rendered":"Se suma Poder Judicial del Estado al programa \u201cMi Primera Chamba\u201d"},"content":{"rendered":"\n<ul class=\"wp-block-list\">\n<li>La magistrada presidenta Berenice Ram\u00edrez Jim\u00e9nez impulsa la formaci\u00f3n y desarrollo de los egresados de diferentes instituciones de educaci\u00f3n superior. <\/li>\n<\/ul>\n\n\n\n<p>Reyes Mantec\u00f3n, San Bartolo Coyotepec. 19 de junio de 2024.- En los lazos de colaboraci\u00f3n institucional, el Poder Judicial de Oaxaca se suma a la iniciativa del Gobierno del Estado, \u201cMi Primera Chamba. Experiencia que transforma\u201d, en el inter\u00e9s de la administraci\u00f3n de la magistrada Berenice Ram\u00edrez Jim\u00e9nez, de fortalecer sinergias con las universidades e instituciones acad\u00e9micas, semilleros de j\u00f3venes con talento, vocaci\u00f3n de servicio y habilidades de innovaci\u00f3n.<\/p>\n\n\n\n<p><br>Con el objetivo de apoyar y brindar oportunidades a este sector de la poblaci\u00f3n, en su camino laboral, la instituci\u00f3n les convoca a registrarse a partir del pr\u00f3ximo lunes 24 de junio a trav\u00e9s de la plataforma https:\/\/miprimerachamba.oaxaca.gob.mx\/#\/ para las nuevas inscripciones a este programa que vincula a los j\u00f3venes de 18 a 29 a\u00f1os con unidades receptoras para adquirir experiencia profesional, entre las que se encuentran el Tribunal Superior de Justicia y el Consejo de la Judicatura.<\/p>\n\n\n\n<p>En la instituci\u00f3n, los egresados de distintas carreras en instituciones de educaci\u00f3n superior, adem\u00e1s de tener la oportunidad de ser beneficiados con un incentivo econ\u00f3mico por 7,600 pesos mensuales, podr\u00e1n generar experiencia laboral y un crecimiento personal, bajo el modelo de pol\u00edticas p\u00fablicas y ejes transversales centrados en una justicia con perspectiva de g\u00e9nero, con visi\u00f3n humanizada, sensible, incluyente y accesible con responsabilidad social.<\/p>\n\n\n\n<p>A iniciativa de la Magistrada Presidenta, el Poder Judicial del Estado fomenta el acercamiento de los futuros profesionistas con las actividades que les aporten en su desarrollo y tengan la oportunidad de aplicar los conocimientos adquiridos en las aulas en un entorno real y con impacto directo en la comunidad.<\/p>\n","protected":false},"excerpt":{"rendered":"<p>Reyes Mantec\u00f3n, San Bartolo Coyotepec. 19 de junio de 2024.- En los lazos de colaboraci\u00f3n institucional, el Poder Judicial de Oaxaca se suma a la iniciativa del Gobierno del Estado, \u201cMi Primera Chamba. Experiencia que transforma\u201d, en el inter\u00e9s de la administraci\u00f3n de la magistrada Berenice Ram\u00edrez Jim\u00e9nez, de fortalecer sinergias con las universidades e&#8230;<\/p>\n","protected":false},"author":4,"featured_media":15190,"comment_status":"closed","ping_status":"closed","sticky":false,"template":"","format":"standard","meta":{"footnotes":""},"categories":[49],"tags":[],"class_list":["post-15189","post","type-post","status-publish","format-standard","has-post-thumbnail","hentry","category-titulares"],"_links":{"self":[{"href":"https:\/\/fdnoaxaca.net\/index.php\/wp-json\/wp\/v2\/posts\/15189","targetHints":{"allow":["GET"]}}],"collection":[{"href":"https:\/\/fdnoaxaca.net\/index.php\/wp-json\/wp\/v2\/posts"}],"about":[{"href":"https:\/\/fdnoaxaca.net\/index.php\/wp-json\/wp\/v2\/types\/post"}],"author":[{"embeddable":true,"href":"https:\/\/fdnoaxaca.net\/index.php\/wp-json\/wp\/v2\/users\/4"}],"replies":[{"embeddable":true,"href":"https:\/\/fdnoaxaca.net\/index.php\/wp-json\/wp\/v2\/comments?post=15189"}],"version-history":[{"count":1,"href":"https:\/\/fdnoaxaca.net\/index.php\/wp-json\/wp\/v2\/posts\/15189\/revisions"}],"predecessor-version":[{"id":15191,"href":"https:\/\/fdnoaxaca.net\/index.php\/wp-json\/wp\/v2\/posts\/15189\/revisions\/15191"}],"wp:featuredmedia":[{"embeddable":true,"href":"https:\/\/fdnoaxaca.net\/index.php\/wp-json\/wp\/v2\/media\/15190"}],"wp:attachment":[{"href":"https:\/\/fdnoaxaca.net\/index.php\/wp-json\/wp\/v2\/media?parent=15189"}],"wp:term":[{"taxonomy":"category","embeddable":true,"href":"https:\/\/fdnoaxaca.net\/index.php\/wp-json\/wp\/v2\/categories?post=15189"},{"taxonomy":"post_tag","embeddable":true,"href":"https:\/\/fdnoaxaca.net\/index.php\/wp-json\/wp\/v2\/tags?post=15189"}],"curies":[{"name":"wp","href":"https:\/\/api.w.org\/{rel}","templated":true}]}}