{"id":15247,"date":"2024-07-01T18:39:33","date_gmt":"2024-07-01T23:39:33","guid":{"rendered":"https:\/\/fdnoaxaca.net\/?p=15247"},"modified":"2024-07-01T18:39:37","modified_gmt":"2024-07-01T23:39:37","slug":"clausura-diputacion-permanente-del-congreso-de-oaxaca-periodo-de-receso","status":"publish","type":"post","link":"https:\/\/fdnoaxaca.net\/index.php\/2024\/07\/01\/clausura-diputacion-permanente-del-congreso-de-oaxaca-periodo-de-receso\/","title":{"rendered":"Clausura Diputaci\u00f3n Permanente del Congreso de Oaxaca periodo de receso"},"content":{"rendered":"\n<p>San Raymundo Jalpan, Oax. 01 de julio de 2024.- Despu\u00e9s de dos meses y medio de trabajo parlamentario de la Diputaci\u00f3n Permanente, este \u00f3rgano clausur\u00f3 este lunes el primer receso correspondiente al tercer a\u00f1o de ejercicio legal de la LXV Legislatura local, periodo que correspondi\u00f3 del 15 de abril al 1 de julio de este a\u00f1o.<\/p>\n\n\n\n<p>En la sesi\u00f3n de clausura, la vicepresidenta Reyna Victoria Jim\u00e9nez Cervantes destac\u00f3 que, durante este periodo de receso, la Diputaci\u00f3n Permanente de la LXV Legislatura local recibi\u00f3 37 asuntos legislativos, de los cuales tres se reservaron para el pr\u00f3ximo periodo ordinario de sesiones del Pleno, mientras que el resto se turn\u00f3 a las comisiones permanentes para su an\u00e1lisis y dictaminaci\u00f3n.<\/p>\n\n\n\n<p>Del total de asuntos legislativos recibidos y turnados a comisiones, 25 son iniciativas de reforma y 12 proposiciones con punto de acuerdo. En tanto, se reservaron para un periodo ordinario 13 dict\u00e1menes.<\/p>\n\n\n\n<p>Y en lo que respecta a decretos, se contabilizaron 43, de los cuales tres corresponden a apertura, tres de clausura, dos a reformas constitucionales, uno sobre una ley nueva, una modificaci\u00f3n de nombre, uno de no reelecci\u00f3n, dos de nombramientos, cuatro de reformas secundarias, 15 de suplencia, uno de t\u00e9rmino de mandato y 14 acuerdos, de \u00e9stos seis fueron de archivo, uno de autorizaci\u00f3n, cuatro de improcedencia, uno de sustituci\u00f3n de comisiones y dos de ternas.<\/p>\n\n\n\n<p>La legisladora detall\u00f3 tambi\u00e9n que en este periodo se realiz\u00f3 la sesi\u00f3n de apertura y la de clausura de la Diputaci\u00f3n Permanente, as\u00ed como 11 sesiones ordinarias y dos sesiones extraordinarias.<\/p>\n\n\n\n<p>Asimismo, la vicepresidenta agradeci\u00f3 el trabajo de quienes integraron dicha Diputaci\u00f3n y la confianza de los integrantes de la LXV Legislatura local, as\u00ed como del pueblo de Oaxaca para representarlo en el Poder Legislativo.<\/p>\n\n\n\n<p>Para este primer receso, la Diputaci\u00f3n Permanente estuvo conformada por la legisladora Reyna Victoria Jim\u00e9nez Cervantes como vicepresidenta, las diputadas Lizbeth Anaid Concha Ojeda, Minerva Leonor L\u00f3pez Calder\u00f3n, Adriana Altamirano Rosales como secretarias y el congresista Pablo D\u00edaz Jim\u00e9nez como secretario.&nbsp;<\/p>\n","protected":false},"excerpt":{"rendered":"<p>San Raymundo Jalpan, Oax. 01 de julio de 2024.- Despu\u00e9s de dos meses y medio de trabajo parlamentario de la Diputaci\u00f3n Permanente, este \u00f3rgano clausur\u00f3 este lunes el primer receso correspondiente al tercer a\u00f1o de ejercicio legal de la LXV Legislatura local, periodo que correspondi\u00f3 del 15 de abril al 1 de julio de este&#8230;<\/p>\n","protected":false},"author":4,"featured_media":15248,"comment_status":"closed","ping_status":"closed","sticky":false,"template":"","format":"standard","meta":{"footnotes":""},"categories":[4],"tags":[],"class_list":["post-15247","post","type-post","status-publish","format-standard","has-post-thumbnail","hentry","category-general"],"_links":{"self":[{"href":"https:\/\/fdnoaxaca.net\/index.php\/wp-json\/wp\/v2\/posts\/15247","targetHints":{"allow":["GET"]}}],"collection":[{"href":"https:\/\/fdnoaxaca.net\/index.php\/wp-json\/wp\/v2\/posts"}],"about":[{"href":"https:\/\/fdnoaxaca.net\/index.php\/wp-json\/wp\/v2\/types\/post"}],"author":[{"embeddable":true,"href":"https:\/\/fdnoaxaca.net\/index.php\/wp-json\/wp\/v2\/users\/4"}],"replies":[{"embeddable":true,"href":"https:\/\/fdnoaxaca.net\/index.php\/wp-json\/wp\/v2\/comments?post=15247"}],"version-history":[{"count":1,"href":"https:\/\/fdnoaxaca.net\/index.php\/wp-json\/wp\/v2\/posts\/15247\/revisions"}],"predecessor-version":[{"id":15249,"href":"https:\/\/fdnoaxaca.net\/index.php\/wp-json\/wp\/v2\/posts\/15247\/revisions\/15249"}],"wp:featuredmedia":[{"embeddable":true,"href":"https:\/\/fdnoaxaca.net\/index.php\/wp-json\/wp\/v2\/media\/15248"}],"wp:attachment":[{"href":"https:\/\/fdnoaxaca.net\/index.php\/wp-json\/wp\/v2\/media?parent=15247"}],"wp:term":[{"taxonomy":"category","embeddable":true,"href":"https:\/\/fdnoaxaca.net\/index.php\/wp-json\/wp\/v2\/categories?post=15247"},{"taxonomy":"post_tag","embeddable":true,"href":"https:\/\/fdnoaxaca.net\/index.php\/wp-json\/wp\/v2\/tags?post=15247"}],"curies":[{"name":"wp","href":"https:\/\/api.w.org\/{rel}","templated":true}]}}