{"id":15293,"date":"2024-07-16T10:24:43","date_gmt":"2024-07-16T15:24:43","guid":{"rendered":"https:\/\/fdnoaxaca.net\/?p=15293"},"modified":"2024-07-16T10:24:47","modified_gmt":"2024-07-16T15:24:47","slug":"preven-lluvias-en-oaxaca-por-la-onda-tropical-10","status":"publish","type":"post","link":"https:\/\/fdnoaxaca.net\/index.php\/2024\/07\/16\/preven-lluvias-en-oaxaca-por-la-onda-tropical-10\/","title":{"rendered":"Prev\u00e9n lluvias en Oaxaca por la onda tropical 10"},"content":{"rendered":"\n<p>Oaxaca de Ju\u00e1rez, Oax. 16 de julio de 2024.- La Coordinaci\u00f3n Estatal de Protecci\u00f3n Civil y Gesti\u00f3n de Riesgos (CEPCyGR) informa que la onda tropical n\u00famero 10 cruzar\u00e1 la entidad este martes, por lo que dejar\u00e1 en su desplazamiento nubosidad densa y lluvias de intensidad variable durante la tarde y noche, en el Istmo de Tehuantepec, Costa y Sierra Sur.<\/p>\n\n\n\n<p>De acuerdo con el pron\u00f3stico del tiempo emitido por la Comisi\u00f3n Nacional del Agua (Conagua) durante las pr\u00f3ximas 48 horas dos ondas tropicales, la n\u00famero 10 y 11 inestabilizar\u00e1n el sur y sureste de M\u00e9xico.<\/p>\n\n\n\n<p>En zonas monta\u00f1osas la humedad se combinar\u00e1 con el calentamiento diurno y el efecto orogr\u00e1fico, para provocar valores altos de precipitaci\u00f3n con caracter\u00edsticas de puntualmente fuertes, sin descartar, actividad el\u00e9ctrica y rachas de viento.<\/p>\n\n\n\n<p>Por otro lado, se mantiene el ambiente templado a caluroso en la mayor parte del estado y \u00e1reas de niebla en zonas serranas. Finalmente, tres ondas tropicales se desplazan sobre el Atl\u00e1ntico y el Caribe, por lo que no representan peligro para el estado, sin embargo, se mantienen en vigilancia.<\/p>\n\n\n\n<p>Las temperaturas para este martes son las siguientes:<\/p>\n\n\n\n<ul class=\"wp-block-list\">\n<li>Valles Centrales, m\u00ednima de 15 y m\u00e1xima de 32 grados.<\/li>\n\n\n\n<li>Istmo de Tehuantepec, m\u00ednima de 22 y m\u00e1xima de 34 grados.<\/li>\n\n\n\n<li>Cuenca del Papaloapan, m\u00ednima de 22 y m\u00e1xima de 34 grados.<\/li>\n\n\n\n<li>Costa, m\u00ednima de 22 y m\u00e1xima de 33 grados.<\/li>\n\n\n\n<li>Mixteca, m\u00ednima de 15 y m\u00e1xima de 32 grados.<\/li>\n\n\n\n<li>Sierra de Flores Mag\u00f3n, m\u00ednima de 15 y m\u00e1xima de 32 grados.<\/li>\n\n\n\n<li>Sierra de Ju\u00e1rez, m\u00ednima de 11 y m\u00e1xima de 29 grados.<\/li>\n\n\n\n<li>Sierra Sur, m\u00ednima de 11 y m\u00e1xima de 29 grados.<\/li>\n<\/ul>\n\n\n\n<p>La dependencia exhorta a la poblaci\u00f3n atender las recomendaciones de Protecci\u00f3n Civil y Capitan\u00edas de Puerto, as\u00ed como a mantenerse informada de las condiciones meteorol\u00f3gicas a trav\u00e9s de los medios y redes sociales oficiales: Facebook @CEPCYGRGobOax y en X @CEPCyGR_GobOax.<\/p>\n","protected":false},"excerpt":{"rendered":"<p>Oaxaca de Ju\u00e1rez, Oax. 16 de julio de 2024.- La Coordinaci\u00f3n Estatal de Protecci\u00f3n Civil y Gesti\u00f3n de Riesgos (CEPCyGR) informa que la onda tropical n\u00famero 10 cruzar\u00e1 la entidad este martes, por lo que dejar\u00e1 en su desplazamiento nubosidad densa y lluvias de intensidad variable durante la tarde y noche, en el Istmo de&#8230;<\/p>\n","protected":false},"author":4,"featured_media":15294,"comment_status":"closed","ping_status":"closed","sticky":false,"template":"","format":"standard","meta":{"footnotes":""},"categories":[49],"tags":[],"class_list":["post-15293","post","type-post","status-publish","format-standard","has-post-thumbnail","hentry","category-titulares"],"_links":{"self":[{"href":"https:\/\/fdnoaxaca.net\/index.php\/wp-json\/wp\/v2\/posts\/15293","targetHints":{"allow":["GET"]}}],"collection":[{"href":"https:\/\/fdnoaxaca.net\/index.php\/wp-json\/wp\/v2\/posts"}],"about":[{"href":"https:\/\/fdnoaxaca.net\/index.php\/wp-json\/wp\/v2\/types\/post"}],"author":[{"embeddable":true,"href":"https:\/\/fdnoaxaca.net\/index.php\/wp-json\/wp\/v2\/users\/4"}],"replies":[{"embeddable":true,"href":"https:\/\/fdnoaxaca.net\/index.php\/wp-json\/wp\/v2\/comments?post=15293"}],"version-history":[{"count":1,"href":"https:\/\/fdnoaxaca.net\/index.php\/wp-json\/wp\/v2\/posts\/15293\/revisions"}],"predecessor-version":[{"id":15295,"href":"https:\/\/fdnoaxaca.net\/index.php\/wp-json\/wp\/v2\/posts\/15293\/revisions\/15295"}],"wp:featuredmedia":[{"embeddable":true,"href":"https:\/\/fdnoaxaca.net\/index.php\/wp-json\/wp\/v2\/media\/15294"}],"wp:attachment":[{"href":"https:\/\/fdnoaxaca.net\/index.php\/wp-json\/wp\/v2\/media?parent=15293"}],"wp:term":[{"taxonomy":"category","embeddable":true,"href":"https:\/\/fdnoaxaca.net\/index.php\/wp-json\/wp\/v2\/categories?post=15293"},{"taxonomy":"post_tag","embeddable":true,"href":"https:\/\/fdnoaxaca.net\/index.php\/wp-json\/wp\/v2\/tags?post=15293"}],"curies":[{"name":"wp","href":"https:\/\/api.w.org\/{rel}","templated":true}]}}