{"id":15296,"date":"2024-07-16T13:15:45","date_gmt":"2024-07-16T18:15:45","guid":{"rendered":"https:\/\/fdnoaxaca.net\/?p=15296"},"modified":"2024-07-16T13:15:48","modified_gmt":"2024-07-16T18:15:48","slug":"concluye-primer-periodo-ordinario-de-sesiones-2024-en-el-poder-judicial","status":"publish","type":"post","link":"https:\/\/fdnoaxaca.net\/index.php\/2024\/07\/16\/concluye-primer-periodo-ordinario-de-sesiones-2024-en-el-poder-judicial\/","title":{"rendered":"Concluye primer periodo ordinario de sesiones 2024 en el Poder Judicial"},"content":{"rendered":"\n<p>*La magistrada presidenta, Berenice Ram\u00edrez Jim\u00e9nez, reconoci\u00f3 el trabajo y los logros alcanzados en estos primeros siete meses del a\u00f1o.<\/p>\n\n\n\n<p>Reyes Mantec\u00f3n, San Bartolo Coyotepec. 16 de julio de 2024.- Como lo establecen los art\u00edculos 11, 12 y 51 de la Ley Org\u00e1nica del Poder Judicial del Estado de Oaxaca, los plenos del Tribunal Superior de Justicia y del Consejo de la Judicatura clausuraron este lunes 15 de julio el primer per\u00edodo ordinario de sesiones, correspondiente al a\u00f1o 2024.<\/p>\n\n\n\n<p>La magistrada presidenta, Berenice Ram\u00edrez Jim\u00e9nez, reconoci\u00f3 el trabajo y los logros alcanzados en estos primeros siete meses del a\u00f1o por magistrados, jueces y servidores p\u00fablicos judiciales para avanzar en diferentes proyectos y acciones en beneficio de la sociedad.<\/p>\n\n\n\n<p>Destac\u00f3 que como parte de los ejes prioritarios en su administraci\u00f3n, se implement\u00f3 la primera pol\u00edtica p\u00fablica en el Poder Judicial del Estado denominada \u201cJusticia Mujer\u201d que comprende cinco ejes encaminados a romper con las pr\u00e1cticas discriminatorias y sexistas que permanecen en el sistema de justicia, con estrategias de capacitaci\u00f3n, impartici\u00f3n de justicia colocando a la mujer al centro, la creaci\u00f3n de una Sala de Lactancia digna, el acercamiento institucional y una campa\u00f1a de sensibilizaci\u00f3n a la poblaci\u00f3n abierta.<\/p>\n\n\n\n<p>Por otra parte, se dieron pasos hist\u00f3ricos con el inicio de funciones del Juzgado Especializado para dictar \u00d3rdenes de Protecci\u00f3n contempladas en la Ley General de Acceso de las Mujeres a una Vida Libre de Violencia y su similar en la entidad, con el cual se brinda atenci\u00f3n las 24 horas, los siete d\u00edas de la semana y que en los primeros meses de funcionamiento ha emitido 56 \u00f3rdenes de protecci\u00f3n.<\/p>\n\n\n\n<p>Tambi\u00e9n se cre\u00f3 el Juzgado Especializado en Juicios de Paternidad adscrito al Laboratorio de Gen\u00e9tica Molecular, para una mayor eficiencia y celeridad en el seguimiento de este tipo de asuntos, en apoyo a mujeres involucradas en procesos judiciales y la prioridad de salvaguardar el Inter\u00e9s Superior de la Ni\u00f1ez y adolescentes.<\/p>\n\n\n\n<p>La magistrada Berenice Ram\u00edrez Jim\u00e9nez se\u00f1al\u00f3 que otras acciones implementadas fueron las jornadas Hagamos Talacha, Tu juzgado es tu casa, para mejorar las instalaciones con la colaboraci\u00f3n voluntaria del personal; la iniciativa \u201cEl Poder Judicial en tu municipio\u201d que tiene como finalidad acercar los servicios de la instituci\u00f3n y la orientaci\u00f3n a un mayor n\u00famero de personas y se cre\u00f3 el Voluntariado en los esfuerzos por seguir humanizando y acercando a la instituci\u00f3n con la sociedad.<\/p>\n\n\n\n<p>Asimismo, indic\u00f3 que despu\u00e9s de m\u00e1s de una d\u00e9cada de funcionamiento, los dos Centros de Desarrollo Infantil, Cendis, del Poder Judicial del Estado, recibieron las claves educativas que les brinda reconocimiento y validez a su labor en el nivel preescolar y por primera vez en la historia de la instituci\u00f3n,&nbsp; se entregaron reconocimientos a 23 secretarios judiciales, actuarios y oficiales administrativos, por su antig\u00fcedad en el servicio y destacado desempe\u00f1o; ello, en el marco del D\u00eda del Abogado.<\/p>\n\n\n\n<p>Con la clausura del primer per\u00edodo ordinario de sesiones, el Poder Judicial comienza un receso en sus actividades laborales, reanudando el pr\u00f3ximo 2 de agosto, por lo que, en las siguientes semanas, las Salas del Tribunal Superior de Justicia y los juzgados de las ocho regiones del estado contar\u00e1n con personal de guardia para atender los asuntos que se lleguen a presentar.<\/p>\n","protected":false},"excerpt":{"rendered":"<p>*La magistrada presidenta, Berenice Ram\u00edrez Jim\u00e9nez, reconoci\u00f3 el trabajo y los logros alcanzados en estos primeros siete meses del a\u00f1o. Reyes Mantec\u00f3n, San Bartolo Coyotepec. 16 de julio de 2024.- Como lo establecen los art\u00edculos 11, 12 y 51 de la Ley Org\u00e1nica del Poder Judicial del Estado de Oaxaca, los plenos del Tribunal Superior&#8230;<\/p>\n","protected":false},"author":4,"featured_media":15297,"comment_status":"closed","ping_status":"closed","sticky":false,"template":"","format":"standard","meta":{"footnotes":""},"categories":[49],"tags":[],"class_list":["post-15296","post","type-post","status-publish","format-standard","has-post-thumbnail","hentry","category-titulares"],"_links":{"self":[{"href":"https:\/\/fdnoaxaca.net\/index.php\/wp-json\/wp\/v2\/posts\/15296","targetHints":{"allow":["GET"]}}],"collection":[{"href":"https:\/\/fdnoaxaca.net\/index.php\/wp-json\/wp\/v2\/posts"}],"about":[{"href":"https:\/\/fdnoaxaca.net\/index.php\/wp-json\/wp\/v2\/types\/post"}],"author":[{"embeddable":true,"href":"https:\/\/fdnoaxaca.net\/index.php\/wp-json\/wp\/v2\/users\/4"}],"replies":[{"embeddable":true,"href":"https:\/\/fdnoaxaca.net\/index.php\/wp-json\/wp\/v2\/comments?post=15296"}],"version-history":[{"count":1,"href":"https:\/\/fdnoaxaca.net\/index.php\/wp-json\/wp\/v2\/posts\/15296\/revisions"}],"predecessor-version":[{"id":15298,"href":"https:\/\/fdnoaxaca.net\/index.php\/wp-json\/wp\/v2\/posts\/15296\/revisions\/15298"}],"wp:featuredmedia":[{"embeddable":true,"href":"https:\/\/fdnoaxaca.net\/index.php\/wp-json\/wp\/v2\/media\/15297"}],"wp:attachment":[{"href":"https:\/\/fdnoaxaca.net\/index.php\/wp-json\/wp\/v2\/media?parent=15296"}],"wp:term":[{"taxonomy":"category","embeddable":true,"href":"https:\/\/fdnoaxaca.net\/index.php\/wp-json\/wp\/v2\/categories?post=15296"},{"taxonomy":"post_tag","embeddable":true,"href":"https:\/\/fdnoaxaca.net\/index.php\/wp-json\/wp\/v2\/tags?post=15296"}],"curies":[{"name":"wp","href":"https:\/\/api.w.org\/{rel}","templated":true}]}}