{"id":15299,"date":"2024-07-17T17:40:11","date_gmt":"2024-07-17T22:40:11","guid":{"rendered":"https:\/\/fdnoaxaca.net\/?p=15299"},"modified":"2024-07-17T17:40:15","modified_gmt":"2024-07-17T22:40:15","slug":"crean-la-ley-para-la-declaracion-especial-de-ausencia-por-desaparicion-de-personas-en-oaxaca","status":"publish","type":"post","link":"https:\/\/fdnoaxaca.net\/index.php\/2024\/07\/17\/crean-la-ley-para-la-declaracion-especial-de-ausencia-por-desaparicion-de-personas-en-oaxaca\/","title":{"rendered":"Crean la Ley para la Declaraci\u00f3n Especial de Ausencia por Desaparici\u00f3n de Personas en Oaxaca\u00a0"},"content":{"rendered":"\n<p>\u2022Tambi\u00e9n se reforma la Ley en Materia de Desaparici\u00f3n de Personas de Oaxaca.\u00a0<\/p>\n\n\n\n<p>San Raymundo Jalpan, Oax. 17 de julio de 2024.- El Pleno de la LXV Legislatura local, aprob\u00f3 con 35 votos la creaci\u00f3n de la Ley para la Declaraci\u00f3n Especial de Ausencia por Desaparici\u00f3n de Personas del Estado de Oaxaca.&nbsp;<\/p>\n\n\n\n<p>Esta nueva ley contiene 37 art\u00edculos y tiene por objeto reconocer, proteger y garantizar la continuidad de la personalidad jur\u00eddica, as\u00ed como los derechos de las personas desaparecidas en el territorio de Oaxaca, adem\u00e1s de brindar certeza jur\u00eddica y medidas apropiadas para la protecci\u00f3n m\u00e1s amplia de sus familiares.<\/p>\n\n\n\n<p>Ese producto legislativo fue aprobado en sesi\u00f3n extraordinaria del pleno del Congreso.<\/p>\n\n\n\n<p>De acuerdo con la Comisi\u00f3n Permanente de Administraci\u00f3n y Procuraci\u00f3n de Justicia, esta ley surge a partir de la propuesta enviada por el gobernador Salom\u00f3n Jara Cruz, y tambi\u00e9n por una iniciativa ciudadana, las cuales fueron dictaminadas en su conjunto.&nbsp;<\/p>\n\n\n\n<p>Con la Declaraci\u00f3n Especial de Ausencia, se presume que la persona desaparecida est\u00e1 con vida, por lo que se ordena que el Estado contin\u00fae con su b\u00fasqueda y localizaci\u00f3n, as\u00ed como con la investigaci\u00f3n correspondiente, adem\u00e1s de que se garantizar\u00e1 la protecci\u00f3n m\u00e1s amplia de familiares o cualquier otra persona que tenga relaci\u00f3n inmediata con la persona desaparecida.<\/p>\n\n\n\n<p>\u201cLa presente Ley se interpretar\u00e1 favoreciendo en todo tiempo la protecci\u00f3n m\u00e1s amplia de los derechos de la persona desaparecida y sus familiares, de conformidad con los tratados en materia de derechos humanos en los que el Estado Mexicano sea parte, la Constituci\u00f3n Pol\u00edtica de los Estados Unidos Mexicanos y la particular del estado de Oaxaca; la Ley General de V\u00edctimas, la Ley de V\u00edctimas del Estado, as\u00ed como la legislaci\u00f3n estatal en materia de desaparici\u00f3n de personas\u201d, refiere el art\u00edculo 2.&nbsp;<\/p>\n\n\n\n<p>Aunada a esta nueva ley, el Pleno tambi\u00e9n aprob\u00f3 con 33 votos la reforma a las fracciones VIII y XVI del art\u00edculo 24 de la Ley en Materia de Desaparici\u00f3n de Personas para el Estado de Oaxaca.<\/p>\n\n\n\n<p>Por consiguiente, el Comit\u00e9 Estatal de B\u00fasqueda podr\u00e1 mantener comunicaci\u00f3n con la Fiscal\u00eda Especializada y dem\u00e1s autoridades federales, estatales y municipales para la coordinaci\u00f3n constante de acciones de b\u00fasqueda y localizaci\u00f3n de personas a partir de la informaci\u00f3n obtenida en la investigaci\u00f3n de los delitos materia de esta ley.&nbsp;<\/p>\n\n\n\n<p>Asimismo, podr\u00e1 colaborar en la investigaci\u00f3n y persecuci\u00f3n de los delitos, vinculados con sus funciones, con el Tribunal Superior de Justicia del Estado y sus \u00f3rganos jurisdiccionales, con la Fiscal\u00eda General del Estado de Oaxaca y con sus dependencias especializadas, para lo cual deber\u00e1 acudir a todos los llamados que \u00e9stas realicen y firmar los registros correspondientes a la cadena de custodia siempre que haya participado en la investigaci\u00f3n y en el hallazgo de indicios.&nbsp;<\/p>\n\n\n\n<p>La nueva ley y la reforma aprobada entrar\u00e1n en vigor al d\u00eda siguiente de su publicaci\u00f3n en el Peri\u00f3dico Oficial del Estado de Oaxaca.<\/p>\n","protected":false},"excerpt":{"rendered":"<p>\u2022Tambi\u00e9n se reforma la Ley en Materia de Desaparici\u00f3n de Personas de Oaxaca.\u00a0 San Raymundo Jalpan, Oax. 17 de julio de 2024.- El Pleno de la LXV Legislatura local, aprob\u00f3 con 35 votos la creaci\u00f3n de la Ley para la Declaraci\u00f3n Especial de Ausencia por Desaparici\u00f3n de Personas del Estado de Oaxaca.&nbsp; Esta nueva ley&#8230;<\/p>\n","protected":false},"author":4,"featured_media":15300,"comment_status":"closed","ping_status":"closed","sticky":false,"template":"","format":"standard","meta":{"footnotes":""},"categories":[49],"tags":[],"class_list":["post-15299","post","type-post","status-publish","format-standard","has-post-thumbnail","hentry","category-titulares"],"_links":{"self":[{"href":"https:\/\/fdnoaxaca.net\/index.php\/wp-json\/wp\/v2\/posts\/15299","targetHints":{"allow":["GET"]}}],"collection":[{"href":"https:\/\/fdnoaxaca.net\/index.php\/wp-json\/wp\/v2\/posts"}],"about":[{"href":"https:\/\/fdnoaxaca.net\/index.php\/wp-json\/wp\/v2\/types\/post"}],"author":[{"embeddable":true,"href":"https:\/\/fdnoaxaca.net\/index.php\/wp-json\/wp\/v2\/users\/4"}],"replies":[{"embeddable":true,"href":"https:\/\/fdnoaxaca.net\/index.php\/wp-json\/wp\/v2\/comments?post=15299"}],"version-history":[{"count":1,"href":"https:\/\/fdnoaxaca.net\/index.php\/wp-json\/wp\/v2\/posts\/15299\/revisions"}],"predecessor-version":[{"id":15301,"href":"https:\/\/fdnoaxaca.net\/index.php\/wp-json\/wp\/v2\/posts\/15299\/revisions\/15301"}],"wp:featuredmedia":[{"embeddable":true,"href":"https:\/\/fdnoaxaca.net\/index.php\/wp-json\/wp\/v2\/media\/15300"}],"wp:attachment":[{"href":"https:\/\/fdnoaxaca.net\/index.php\/wp-json\/wp\/v2\/media?parent=15299"}],"wp:term":[{"taxonomy":"category","embeddable":true,"href":"https:\/\/fdnoaxaca.net\/index.php\/wp-json\/wp\/v2\/categories?post=15299"},{"taxonomy":"post_tag","embeddable":true,"href":"https:\/\/fdnoaxaca.net\/index.php\/wp-json\/wp\/v2\/tags?post=15299"}],"curies":[{"name":"wp","href":"https:\/\/api.w.org\/{rel}","templated":true}]}}