{"id":15318,"date":"2024-07-19T13:26:03","date_gmt":"2024-07-19T18:26:03","guid":{"rendered":"https:\/\/fdnoaxaca.net\/?p=15318"},"modified":"2024-07-19T13:26:07","modified_gmt":"2024-07-19T18:26:07","slug":"convoca-poder-judicial-a-profesionistas-en-derecho-a-cursar-diplomados-especializados","status":"publish","type":"post","link":"https:\/\/fdnoaxaca.net\/index.php\/2024\/07\/19\/convoca-poder-judicial-a-profesionistas-en-derecho-a-cursar-diplomados-especializados\/","title":{"rendered":"Convoca Poder Judicial a profesionistas en Derecho a cursar Diplomados Especializados"},"content":{"rendered":"\n<p>\u00b7&nbsp;&nbsp;&nbsp;&nbsp;&nbsp;&nbsp;&nbsp;&nbsp;&nbsp;Como parte de las pol\u00edticas de profesionalizaci\u00f3n impulsadas por la magistrada Berenice Ram\u00edrez Jim\u00e9nez, estos estudios est\u00e1n dirigidos a la comunidad jur\u00eddica y servidores p\u00fablicos.&nbsp;<\/p>\n\n\n\n<p>Reyes Mantec\u00f3n, San Bartolo Coyotepec. 19 de julio de 2024.- El Poder Judicial del Estado a trav\u00e9s de la Escuela Judicial convoca a la comunidad jur\u00eddica a cursar los Diplomados Especializados en Derecho Civil-Mercantil, Derecho Familiar, Derechos Humanos, Derecho Penal Sustantivo y Sistema Acusatorio Penal.<\/p>\n\n\n\n<p>Como una de las l\u00edneas estrat\u00e9gicas de la administraci\u00f3n de la magistrada Berenice Ram\u00edrez Jim\u00e9nez, enfocada a impulsar y transformar las actividades de profesionalizaci\u00f3n del personal judicial y del foro de abogados, este a\u00f1o se fortaleci\u00f3 y renov\u00f3 el programa curricular, acorde a las necesidades actuales y cambios en las diferentes ramas del Derecho.<\/p>\n\n\n\n<p>Los Diplomados Especializados, con duraci\u00f3n de un a\u00f1o tendr\u00e1n un cupo m\u00e1ximo de 30 alumnos; diez ser\u00e1n abogados de la comunidad jur\u00eddica y 20 servidores p\u00fablicos del Tribunal Superior de Justicia y del Consejo de la Judicatura, quienes para ingresar deber\u00e1n cumplir con el procedimiento de postulaci\u00f3n y aceptaci\u00f3n.<\/p>\n\n\n\n<p>La fecha l\u00edmite para la recepci\u00f3n de solicitudes es el viernes 16 de agosto. Mayores detalles sobre la convocatoria y documentaci\u00f3n a presentar, se puede consultar en las redes sociales del Tribunal Superior de Justicia, en Facebook: Tribunal Superior de Justicia de Oaxaca&nbsp;a trav\u00e9s del enlace&nbsp;<a href=\"https:\/\/www.facebook.com\/share\/p\/HfrtvcaN5CVhjaMC\/\">https:\/\/www.facebook.com\/share\/p\/HfrtvcaN5CVhjaMC\/<\/a>&nbsp;y en&nbsp;X&nbsp;@tsjoaxaca.<\/p>\n\n\n\n<p>El ciclo acad\u00e9mico&nbsp;iniciar\u00e1 el 6 de septiembre pr\u00f3ximo&nbsp;en la modalidad&nbsp;mixta, es decir&nbsp;presencial&nbsp;y a distancia, los d\u00edas viernes en un horario de 10:00 a 14:00 horas y los s\u00e1bados de 10:00 a 14:00 horas, para concluir actividades el 12 de julio de 2025.<\/p>\n\n\n\n<p>En la presente administraci\u00f3n del Poder Judicial del Estado, la capacitaci\u00f3n, formaci\u00f3n, actualizaci\u00f3n y profesionalizaci\u00f3n del personal se ha fortalecido en temas enfocados a los derechos humanos, perspectiva de g\u00e9nero, uso de Inteligencia Artificial Aplicada al Derecho, violencia vicaria y reparaci\u00f3n del da\u00f1o, entre otros, ante la importancia de contar con servidores p\u00fablicos que cumplan con los est\u00e1ndares de competencia exigidos para brindar un trabajo eficiente, de calidad y profesional.<\/p>\n","protected":false},"excerpt":{"rendered":"<p>\u00b7&nbsp;&nbsp;&nbsp;&nbsp;&nbsp;&nbsp;&nbsp;&nbsp;&nbsp;Como parte de las pol\u00edticas de profesionalizaci\u00f3n impulsadas por la magistrada Berenice Ram\u00edrez Jim\u00e9nez, estos estudios est\u00e1n dirigidos a la comunidad jur\u00eddica y servidores p\u00fablicos.&nbsp; Reyes Mantec\u00f3n, San Bartolo Coyotepec. 19 de julio de 2024.- El Poder Judicial del Estado a trav\u00e9s de la Escuela Judicial convoca a la comunidad jur\u00eddica a cursar los Diplomados&#8230;<\/p>\n","protected":false},"author":4,"featured_media":15319,"comment_status":"closed","ping_status":"closed","sticky":false,"template":"","format":"standard","meta":{"footnotes":""},"categories":[49],"tags":[],"class_list":["post-15318","post","type-post","status-publish","format-standard","has-post-thumbnail","hentry","category-titulares"],"_links":{"self":[{"href":"https:\/\/fdnoaxaca.net\/index.php\/wp-json\/wp\/v2\/posts\/15318","targetHints":{"allow":["GET"]}}],"collection":[{"href":"https:\/\/fdnoaxaca.net\/index.php\/wp-json\/wp\/v2\/posts"}],"about":[{"href":"https:\/\/fdnoaxaca.net\/index.php\/wp-json\/wp\/v2\/types\/post"}],"author":[{"embeddable":true,"href":"https:\/\/fdnoaxaca.net\/index.php\/wp-json\/wp\/v2\/users\/4"}],"replies":[{"embeddable":true,"href":"https:\/\/fdnoaxaca.net\/index.php\/wp-json\/wp\/v2\/comments?post=15318"}],"version-history":[{"count":1,"href":"https:\/\/fdnoaxaca.net\/index.php\/wp-json\/wp\/v2\/posts\/15318\/revisions"}],"predecessor-version":[{"id":15320,"href":"https:\/\/fdnoaxaca.net\/index.php\/wp-json\/wp\/v2\/posts\/15318\/revisions\/15320"}],"wp:featuredmedia":[{"embeddable":true,"href":"https:\/\/fdnoaxaca.net\/index.php\/wp-json\/wp\/v2\/media\/15319"}],"wp:attachment":[{"href":"https:\/\/fdnoaxaca.net\/index.php\/wp-json\/wp\/v2\/media?parent=15318"}],"wp:term":[{"taxonomy":"category","embeddable":true,"href":"https:\/\/fdnoaxaca.net\/index.php\/wp-json\/wp\/v2\/categories?post=15318"},{"taxonomy":"post_tag","embeddable":true,"href":"https:\/\/fdnoaxaca.net\/index.php\/wp-json\/wp\/v2\/tags?post=15318"}],"curies":[{"name":"wp","href":"https:\/\/api.w.org\/{rel}","templated":true}]}}