{"id":15467,"date":"2024-08-21T22:08:36","date_gmt":"2024-08-22T03:08:36","guid":{"rendered":"https:\/\/fdnoaxaca.net\/?p=15467"},"modified":"2024-08-21T22:08:40","modified_gmt":"2024-08-22T03:08:40","slug":"liberan-a-las-mujeres-secuestradas-en-san-juan-lalana-las-expulsan-de-cerro-cajon","status":"publish","type":"post","link":"https:\/\/fdnoaxaca.net\/index.php\/2024\/08\/21\/liberan-a-las-mujeres-secuestradas-en-san-juan-lalana-las-expulsan-de-cerro-cajon\/","title":{"rendered":"Liberan a las mujeres secuestradas en San Juan Lalana; las expulsan de Cerro Caj\u00f3n"},"content":{"rendered":"\n<p>Por Paola Flores\u00a0<\/p>\n\n\n\n<p>Oaxaca, Oax. 21 de agosto de 2024.- Luego de permanecer retenidas e incomunicadas por m\u00e1s de seis horas, las tres mujeres secuestradas en Cerro Caj\u00f3n, rancher\u00eda de San Isidro Arenal, en el municipio de San Juan Lalana, han sido liberadas.&nbsp;<\/p>\n\n\n\n<p>Los habitantes de San Isidro Arenal las golpearon y las obligaron a ver c\u00f3mo destru\u00edan sus casas. Luego cuando terminaron, las tomaron por la fuerza y las trasladaron a las afueras de R\u00edo Blanco, una comunidad cercana.&nbsp;<\/p>\n\n\n\n<p>Geraldo Hern\u00e1ndez, representante legal de los cristianos evang\u00e9licos perseguidos, confirm\u00f3 su liberaci\u00f3n y detall\u00f3 los hechos.&nbsp;<\/p>\n\n\n\n<p>&#8220;Las trataron muy mal, las tuvieron todo el d\u00eda afuera de su casa para que vieran c\u00f3mo destru\u00edan todo. Luego las fueron a aventar cerca de R\u00edo Blanco. Las abandonaron en la carretera&#8221;, Geraldo Hern\u00e1ndez.<\/p>\n\n\n\n<p>Una de ellas, Maximina Contrera Antonio, es una persona de la tercera edad y es parapl\u00e9jica, mientras que Esmeralda Antonio y Cristina Hern\u00e1ndez, son madre e hija. Las tres fueron v\u00edctimas de tortura por parte de las autoridades de San Isidro Arenal.&nbsp;Y junto al resto de los cristianos evang\u00e9licos de Cerro Caj\u00f3n, no pueden volver a su comunidad.<\/p>\n\n\n\n<p>El secretario de gobierno, Jes\u00fas Romero L\u00f3pez, dijo que esta era una consecuencia por la manifestaci\u00f3n pac\u00edfica que la Iglesia Cristiana Interdenominacional A.R. llev\u00f3 a cabo ayer frente al palacio municipal de San Juan Lalana.&nbsp;<\/p>\n\n\n\n<p>Evit\u00f3 decir que hicieron esperar por m\u00e1s de cinco horas a la comitiva evang\u00e9lica que acudi\u00f3 a la mesa de di\u00e1logo, convocada por la Direcci\u00f3n de Asuntos Religiosos, encabezada por Edwin&nbsp;Mart\u00ednez&nbsp;Esp\u00edndola.&nbsp;<\/p>\n\n\n\n<p>\u201cEste grupo religioso est\u00e1 en su derecho de manifestarse, pero si queremos llegar a un di\u00e1logo con la otra parte, no es factible y hoy ah\u00ed est\u00e1n las consecuencias de lo que ocurri\u00f3 ayer\u201d, coment\u00f3.<\/p>\n\n\n\n<p>Sobre las mujeres secuestradas no hizo ninguna declaraci\u00f3n.&nbsp;<\/p>\n","protected":false},"excerpt":{"rendered":"<p>Por Paola Flores\u00a0 Oaxaca, Oax. 21 de agosto de 2024.- Luego de permanecer retenidas e incomunicadas por m\u00e1s de seis horas, las tres mujeres secuestradas en Cerro Caj\u00f3n, rancher\u00eda de San Isidro Arenal, en el municipio de San Juan Lalana, han sido liberadas.&nbsp; Los habitantes de San Isidro Arenal las golpearon y las obligaron a&#8230;<\/p>\n","protected":false},"author":4,"featured_media":15468,"comment_status":"closed","ping_status":"closed","sticky":false,"template":"","format":"standard","meta":{"footnotes":""},"categories":[49],"tags":[],"class_list":["post-15467","post","type-post","status-publish","format-standard","has-post-thumbnail","hentry","category-titulares"],"_links":{"self":[{"href":"https:\/\/fdnoaxaca.net\/index.php\/wp-json\/wp\/v2\/posts\/15467","targetHints":{"allow":["GET"]}}],"collection":[{"href":"https:\/\/fdnoaxaca.net\/index.php\/wp-json\/wp\/v2\/posts"}],"about":[{"href":"https:\/\/fdnoaxaca.net\/index.php\/wp-json\/wp\/v2\/types\/post"}],"author":[{"embeddable":true,"href":"https:\/\/fdnoaxaca.net\/index.php\/wp-json\/wp\/v2\/users\/4"}],"replies":[{"embeddable":true,"href":"https:\/\/fdnoaxaca.net\/index.php\/wp-json\/wp\/v2\/comments?post=15467"}],"version-history":[{"count":1,"href":"https:\/\/fdnoaxaca.net\/index.php\/wp-json\/wp\/v2\/posts\/15467\/revisions"}],"predecessor-version":[{"id":15469,"href":"https:\/\/fdnoaxaca.net\/index.php\/wp-json\/wp\/v2\/posts\/15467\/revisions\/15469"}],"wp:featuredmedia":[{"embeddable":true,"href":"https:\/\/fdnoaxaca.net\/index.php\/wp-json\/wp\/v2\/media\/15468"}],"wp:attachment":[{"href":"https:\/\/fdnoaxaca.net\/index.php\/wp-json\/wp\/v2\/media?parent=15467"}],"wp:term":[{"taxonomy":"category","embeddable":true,"href":"https:\/\/fdnoaxaca.net\/index.php\/wp-json\/wp\/v2\/categories?post=15467"},{"taxonomy":"post_tag","embeddable":true,"href":"https:\/\/fdnoaxaca.net\/index.php\/wp-json\/wp\/v2\/tags?post=15467"}],"curies":[{"name":"wp","href":"https:\/\/api.w.org\/{rel}","templated":true}]}}