{"id":15599,"date":"2024-09-17T11:34:33","date_gmt":"2024-09-17T16:34:33","guid":{"rendered":"https:\/\/fdnoaxaca.net\/?p=15599"},"modified":"2024-09-17T11:34:37","modified_gmt":"2024-09-17T16:34:37","slug":"ocasionara-onda-tropical-23-lluvias-en-diferentes-puntos-de-oaxaca","status":"publish","type":"post","link":"https:\/\/fdnoaxaca.net\/index.php\/2024\/09\/17\/ocasionara-onda-tropical-23-lluvias-en-diferentes-puntos-de-oaxaca\/","title":{"rendered":"Ocasionar\u00e1 Onda tropical 23 lluvias en diferentes puntos de Oaxaca"},"content":{"rendered":"\n<p>Oaxaca de Ju\u00e1rez, Oax. 17 de septiembre de 2024.-\u00a0La Coordinaci\u00f3n Estatal de Protecci\u00f3n Civil y Gesti\u00f3n de Riesgos (CEPCyGR) informa que la onda tropical n\u00famero 23 se desplaza en territorio oaxaque\u00f1o, lo que ocasionar\u00e1 lluvias y tormentas en cortos periodos de tiempo durante la tarde y noche de este martes, principalmente en la Sierra Sur, Sierra de Ju\u00e1rez, Mixteca, Istmo de Tehuantepec y Costa.\u00a0<\/p>\n\n\n\n<p>De acuerdo con el pron\u00f3stico del tiempo emitido por la Comisi\u00f3n Nacional del Agua (Conagua), este fen\u00f3meno se mover\u00e1 r\u00e1pidamente hacia el oeste, tiene convecci\u00f3n moderada en sus ejes extremos y estar\u00e1 interactuando con un canal de baja presi\u00f3n que permitir\u00e1 algunas tormentas el\u00e9ctricas localmente fuertes asociadas con vientos arrachados.<\/p>\n\n\n\n<p>La dependencia recuerda a la poblaci\u00f3n que las lluvias pronosticadas y el exceso de humedad en algunas regiones pueden provocar encharcamientos urbanos, afectaciones en ramales el\u00e9ctricos, deslizamiento de tierra y crecida de r\u00edos y arroyos de respuesta r\u00e1pida.<\/p>\n\n\n\n<p>Las temperaturas estar\u00e1n calurosas con bochorno en la zona costera y frescas por la ma\u00f1ana, acompa\u00f1adas por bancos de niebla muy densos al amanecer en las zonas serranas.<\/p>\n\n\n\n<p>El frente fr\u00edo n\u00famero 2 se extiende sobre el noroeste de M\u00e9xico y dos ondas tropicales muy activas se observan sobre el Atl\u00e1ntico y el Caribe; ninguno de estos fen\u00f3menos representa peligro para la entidad, sin embargo, se mantienen en vigilancia.<\/p>\n","protected":false},"excerpt":{"rendered":"<p>Oaxaca de Ju\u00e1rez, Oax. 17 de septiembre de 2024.-\u00a0La Coordinaci\u00f3n Estatal de Protecci\u00f3n Civil y Gesti\u00f3n de Riesgos (CEPCyGR) informa que la onda tropical n\u00famero 23 se desplaza en territorio oaxaque\u00f1o, lo que ocasionar\u00e1 lluvias y tormentas en cortos periodos de tiempo durante la tarde y noche de este martes, principalmente en la Sierra Sur,&#8230;<\/p>\n","protected":false},"author":4,"featured_media":15600,"comment_status":"closed","ping_status":"closed","sticky":false,"template":"","format":"standard","meta":{"footnotes":""},"categories":[4],"tags":[],"class_list":["post-15599","post","type-post","status-publish","format-standard","has-post-thumbnail","hentry","category-general"],"_links":{"self":[{"href":"https:\/\/fdnoaxaca.net\/index.php\/wp-json\/wp\/v2\/posts\/15599","targetHints":{"allow":["GET"]}}],"collection":[{"href":"https:\/\/fdnoaxaca.net\/index.php\/wp-json\/wp\/v2\/posts"}],"about":[{"href":"https:\/\/fdnoaxaca.net\/index.php\/wp-json\/wp\/v2\/types\/post"}],"author":[{"embeddable":true,"href":"https:\/\/fdnoaxaca.net\/index.php\/wp-json\/wp\/v2\/users\/4"}],"replies":[{"embeddable":true,"href":"https:\/\/fdnoaxaca.net\/index.php\/wp-json\/wp\/v2\/comments?post=15599"}],"version-history":[{"count":1,"href":"https:\/\/fdnoaxaca.net\/index.php\/wp-json\/wp\/v2\/posts\/15599\/revisions"}],"predecessor-version":[{"id":15601,"href":"https:\/\/fdnoaxaca.net\/index.php\/wp-json\/wp\/v2\/posts\/15599\/revisions\/15601"}],"wp:featuredmedia":[{"embeddable":true,"href":"https:\/\/fdnoaxaca.net\/index.php\/wp-json\/wp\/v2\/media\/15600"}],"wp:attachment":[{"href":"https:\/\/fdnoaxaca.net\/index.php\/wp-json\/wp\/v2\/media?parent=15599"}],"wp:term":[{"taxonomy":"category","embeddable":true,"href":"https:\/\/fdnoaxaca.net\/index.php\/wp-json\/wp\/v2\/categories?post=15599"},{"taxonomy":"post_tag","embeddable":true,"href":"https:\/\/fdnoaxaca.net\/index.php\/wp-json\/wp\/v2\/tags?post=15599"}],"curies":[{"name":"wp","href":"https:\/\/api.w.org\/{rel}","templated":true}]}}