{"id":15605,"date":"2024-09-17T16:37:13","date_gmt":"2024-09-17T21:37:13","guid":{"rendered":"https:\/\/fdnoaxaca.net\/?p=15605"},"modified":"2024-09-17T16:37:17","modified_gmt":"2024-09-17T21:37:17","slug":"vinculan-a-proceso-por-feminicidio-a-presunto-asesino-de-mujer-caso-ocurrido-en-lachigolo","status":"publish","type":"post","link":"https:\/\/fdnoaxaca.net\/index.php\/2024\/09\/17\/vinculan-a-proceso-por-feminicidio-a-presunto-asesino-de-mujer-caso-ocurrido-en-lachigolo\/","title":{"rendered":"Vinculan a proceso por feminicidio a presunto asesino de mujer, caso ocurrido en Lachigol\u00f3"},"content":{"rendered":"\n<p>Reyes Mantec\u00f3n, San Bartolo Coyotepec. 17 de septiembre de 2024.- La titular del Poder Judicial del Estado, magistrada Berenice Ram\u00edrez Jim\u00e9nez, refrend\u00f3 el compromiso y responsabilidad de su administraci\u00f3n de actuar escrupulosamente, desde el \u00e1mbito de su competencia, en los casos de muertes de mujeres con caracter\u00edsticas de feminicidio y de actuar con estricto apego al debido proceso, garantizando el acceso pronto y expedito a la justicia.<\/p>\n\n\n\n<p>En seguimiento al caso ocurrido en San Francisco Lachigol\u00f3, Tlacolula, un Juez de Control dict\u00f3 auto de vinculaci\u00f3n a proceso por el delito de feminicidio agravado al presunto agresor de una mujer encontrada sin vida y con huellas de violencia, identificado con las iniciales E.P.G., a quien se le impuso como medida cautelar la prisi\u00f3n preventiva justificada por el tiempo que dure el proceso.<\/p>\n\n\n\n<p>Los hechos sucedieron el pasado 5 de septiembre en un aserradero ubicado en esa comunidad de los Valles Centrales, donde de acuerdo con las investigaciones la pareja de la v\u00edctima T. M. A. C., la agredi\u00f3 con un arma blanca, para posteriormente ir a tirarla a un terreno, en el tramo que comunica el camino a la Mojonera y al Camino al Ojo de Agua, donde fue visto por la Polic\u00eda Estatal, que procedi\u00f3 a su detenci\u00f3n para ponerlo a disposici\u00f3n del Ministerio P\u00fablico.&nbsp;<\/p>\n\n\n\n<p>Despu\u00e9s de calificar la legalidad de la detenci\u00f3n, se formul\u00f3 la imputaci\u00f3n en contra de E.P.G., quien al igual que su defensa solicitaron el t\u00e9rmino constitucional para que se resolviera su situaci\u00f3n jur\u00eddica. En la audiencia de t\u00e9rmino constitucional, que se llev\u00f3 a cabo el 15 de septiembre de 2024, se vincul\u00f3 a proceso al imputado por el hecho que la ley se\u00f1ala como delito de feminicidio agravado, en agravio de T. M. A. C.<\/p>\n\n\n\n<p>&#8220;Para el Poder Judicial del Estado, es prioritario aplicar todo el rigor de la Ley a responsables de delitos que atentan contra la integridad y derechos de las mujeres.&nbsp; Bajo esta \u00f3ptica, en la administraci\u00f3n de la magistrada Berenice Ram\u00edrez Jim\u00e9nez se trabaja en instrumentos, pol\u00edticas, y acciones que involucran a diversas \u00e1reas en pro de buenas pr\u00e1cticas, como un aspecto fundamental en la instituci\u00f3n, en la ruta de consolidar una justicia sensible, incluyente y accesible, con responsabilidad social&#8221;, refiri\u00f3 el Tribunal Superior de Justicia de Oaxaca.<\/p>\n","protected":false},"excerpt":{"rendered":"<p>Reyes Mantec\u00f3n, San Bartolo Coyotepec. 17 de septiembre de 2024.- La titular del Poder Judicial del Estado, magistrada Berenice Ram\u00edrez Jim\u00e9nez, refrend\u00f3 el compromiso y responsabilidad de su administraci\u00f3n de actuar escrupulosamente, desde el \u00e1mbito de su competencia, en los casos de muertes de mujeres con caracter\u00edsticas de feminicidio y de actuar con estricto apego&#8230;<\/p>\n","protected":false},"author":4,"featured_media":15606,"comment_status":"closed","ping_status":"closed","sticky":false,"template":"","format":"standard","meta":{"footnotes":""},"categories":[49],"tags":[],"class_list":["post-15605","post","type-post","status-publish","format-standard","has-post-thumbnail","hentry","category-titulares"],"_links":{"self":[{"href":"https:\/\/fdnoaxaca.net\/index.php\/wp-json\/wp\/v2\/posts\/15605","targetHints":{"allow":["GET"]}}],"collection":[{"href":"https:\/\/fdnoaxaca.net\/index.php\/wp-json\/wp\/v2\/posts"}],"about":[{"href":"https:\/\/fdnoaxaca.net\/index.php\/wp-json\/wp\/v2\/types\/post"}],"author":[{"embeddable":true,"href":"https:\/\/fdnoaxaca.net\/index.php\/wp-json\/wp\/v2\/users\/4"}],"replies":[{"embeddable":true,"href":"https:\/\/fdnoaxaca.net\/index.php\/wp-json\/wp\/v2\/comments?post=15605"}],"version-history":[{"count":1,"href":"https:\/\/fdnoaxaca.net\/index.php\/wp-json\/wp\/v2\/posts\/15605\/revisions"}],"predecessor-version":[{"id":15607,"href":"https:\/\/fdnoaxaca.net\/index.php\/wp-json\/wp\/v2\/posts\/15605\/revisions\/15607"}],"wp:featuredmedia":[{"embeddable":true,"href":"https:\/\/fdnoaxaca.net\/index.php\/wp-json\/wp\/v2\/media\/15606"}],"wp:attachment":[{"href":"https:\/\/fdnoaxaca.net\/index.php\/wp-json\/wp\/v2\/media?parent=15605"}],"wp:term":[{"taxonomy":"category","embeddable":true,"href":"https:\/\/fdnoaxaca.net\/index.php\/wp-json\/wp\/v2\/categories?post=15605"},{"taxonomy":"post_tag","embeddable":true,"href":"https:\/\/fdnoaxaca.net\/index.php\/wp-json\/wp\/v2\/tags?post=15605"}],"curies":[{"name":"wp","href":"https:\/\/api.w.org\/{rel}","templated":true}]}}