{"id":15611,"date":"2024-09-19T15:53:05","date_gmt":"2024-09-19T20:53:05","guid":{"rendered":"https:\/\/fdnoaxaca.net\/?p=15611"},"modified":"2024-09-19T15:53:08","modified_gmt":"2024-09-19T20:53:08","slug":"karina-reyes-avila-nueva-fiscal-especializada-en-materia-de-combate-a-la-corrupcion-de-oaxaca","status":"publish","type":"post","link":"https:\/\/fdnoaxaca.net\/index.php\/2024\/09\/19\/karina-reyes-avila-nueva-fiscal-especializada-en-materia-de-combate-a-la-corrupcion-de-oaxaca\/","title":{"rendered":"Karina Reyes \u00c1vila, nueva Fiscal Especializada en Materia de Combate a la Corrupci\u00f3n de Oaxaca"},"content":{"rendered":"\n<p>Fue elegida con 37 votos a su favor.<\/p>\n\n\n\n<p>San Raymundo Jalpan, Oax. 19 de septiembre de 2024.- La LXV Legislatura local design\u00f3 a la ciudadana Karina Reyes \u00c1vila como titular de la Fiscal\u00eda Especializada en Materia de Combate a la Corrupci\u00f3n de Oaxaca, por un periodo de siete a\u00f1os.<\/p>\n\n\n\n<p>Previo a ello, el Pleno aprob\u00f3 este mi\u00e9rcoles la terna remitida por el Gobernador de Oaxaca, la cual fue integrada por las ciudadanas Mitzi Samary Le\u00f3n G\u00f3mez, Karina Reyes \u00c1vila y Estefan\u00eda Gonz\u00e1lez Ramos.<\/p>\n\n\n\n<p>La presidenta de la Comisi\u00f3n Permanente de Vigilancia del Sistema Estatal de Combate a la Corrupci\u00f3n, Elvia Gabriela P\u00e9rez L\u00f3pez, inform\u00f3 que el proceso de selecci\u00f3n realizado en conjunto con la Comisi\u00f3n Permanente de Administraci\u00f3n y Procuraci\u00f3n de Justicia, se realiz\u00f3 con los principios de legalidad, imparcialidad y objetividad.<\/p>\n\n\n\n<p>&#8220;La nueva Fiscal Especializada en Combate a la Corrupci\u00f3n, deber\u00e1 enfrentar grandes desaf\u00edos como el de investigar a fondo, y, sobre todo, restaurar la confianza de la sociedad en que la justicia s\u00ed puede prevalecer. Para ello, requerir\u00e1 de nuestra colaboraci\u00f3n como legisladores, del apoyo de las instituciones del estado y del respaldo firme de la ciudadan\u00eda&#8221;, declar\u00f3.<\/p>\n\n\n\n<p>Luego de su designaci\u00f3n, la Fiscal rindi\u00f3 protesta del cargo ante la Mesa Directiva de la LXV Legislatura local, en sesi\u00f3n extraordinaria.<\/p>\n\n\n\n<p>Karina Reyes \u00c1vila asume la titularidad de esta Fiscal\u00eda, luego de que el 9 de junio de 2024 concluy\u00f3 el nombramiento del ciudadano Jorge Emilio Iruegas \u00c1lvarez como Fiscal Especializado en Materia de Combate a la Corrupci\u00f3n del Estado, quien fue designado por un periodo de siete a\u00f1os el 9 de junio de 2017.<\/p>\n\n\n\n<p>Es abogada y cuenta con ocho a\u00f1os de experiencia en las materias de Fiscal Administrativo del Sistema Nacional Anticorrupci\u00f3n, as\u00ed como en responsabilidades administrativas a servidores p\u00fablicos, y en el juicio contencioso administrativo federal y estatal. Ha laborado en el Tribunal de Justicia Administrativa, y en el Tribunal de Justicia Administrativa y Combate a la Corrupci\u00f3n del Estado.<\/p>\n\n\n\n<p>Plantea un plan de trabajo que consta de cinco ejes estrat\u00e9gicos, a trav\u00e9s de los cuales, considera combatir la corrupci\u00f3n, y en sus objetivos establece \u201cun fortalecimiento institucional, la capacitaci\u00f3n y la educaci\u00f3n a servidores p\u00fablicos, primero dentro de la Fiscal\u00eda; la colaboraci\u00f3n y la coordinaci\u00f3n con dem\u00e1s entes p\u00fablicos; y la prevenci\u00f3n y la concientizaci\u00f3n de la sociedad\u201d.<\/p>\n\n\n\n<p>El 9 de septiembre del presente a\u00f1o, las tres integrantes de la terna fueron entrevistadas por las Comisiones Permanentes Unidas de Administraci\u00f3n y Procuraci\u00f3n de Justicia; y de Vigilancia del Sistema Estatal de Combate a la Corrupci\u00f3n, conforme a lo establecido en la convocatoria aprobada el 7 de agosto del presente a\u00f1o para la elecci\u00f3n de la persona a ocupar dicho cargo.<\/p>\n\n\n\n<p>Despu\u00e9s de ese proceso, estas comisiones legislativas emitieron el dictamen respectivo, el cual fue puesto a disposici\u00f3n del Pleno para su aprobaci\u00f3n.<\/p>\n","protected":false},"excerpt":{"rendered":"<p>Fue elegida con 37 votos a su favor. San Raymundo Jalpan, Oax. 19 de septiembre de 2024.- La LXV Legislatura local design\u00f3 a la ciudadana Karina Reyes \u00c1vila como titular de la Fiscal\u00eda Especializada en Materia de Combate a la Corrupci\u00f3n de Oaxaca, por un periodo de siete a\u00f1os. Previo a ello, el Pleno aprob\u00f3&#8230;<\/p>\n","protected":false},"author":4,"featured_media":15612,"comment_status":"closed","ping_status":"closed","sticky":false,"template":"","format":"standard","meta":{"footnotes":""},"categories":[49],"tags":[],"class_list":["post-15611","post","type-post","status-publish","format-standard","has-post-thumbnail","hentry","category-titulares"],"_links":{"self":[{"href":"https:\/\/fdnoaxaca.net\/index.php\/wp-json\/wp\/v2\/posts\/15611","targetHints":{"allow":["GET"]}}],"collection":[{"href":"https:\/\/fdnoaxaca.net\/index.php\/wp-json\/wp\/v2\/posts"}],"about":[{"href":"https:\/\/fdnoaxaca.net\/index.php\/wp-json\/wp\/v2\/types\/post"}],"author":[{"embeddable":true,"href":"https:\/\/fdnoaxaca.net\/index.php\/wp-json\/wp\/v2\/users\/4"}],"replies":[{"embeddable":true,"href":"https:\/\/fdnoaxaca.net\/index.php\/wp-json\/wp\/v2\/comments?post=15611"}],"version-history":[{"count":1,"href":"https:\/\/fdnoaxaca.net\/index.php\/wp-json\/wp\/v2\/posts\/15611\/revisions"}],"predecessor-version":[{"id":15613,"href":"https:\/\/fdnoaxaca.net\/index.php\/wp-json\/wp\/v2\/posts\/15611\/revisions\/15613"}],"wp:featuredmedia":[{"embeddable":true,"href":"https:\/\/fdnoaxaca.net\/index.php\/wp-json\/wp\/v2\/media\/15612"}],"wp:attachment":[{"href":"https:\/\/fdnoaxaca.net\/index.php\/wp-json\/wp\/v2\/media?parent=15611"}],"wp:term":[{"taxonomy":"category","embeddable":true,"href":"https:\/\/fdnoaxaca.net\/index.php\/wp-json\/wp\/v2\/categories?post=15611"},{"taxonomy":"post_tag","embeddable":true,"href":"https:\/\/fdnoaxaca.net\/index.php\/wp-json\/wp\/v2\/tags?post=15611"}],"curies":[{"name":"wp","href":"https:\/\/api.w.org\/{rel}","templated":true}]}}