{"id":1564,"date":"2019-09-12T17:00:20","date_gmt":"2019-09-12T17:00:20","guid":{"rendered":"http:\/\/fdnoaxaca.net\/?p=1564"},"modified":"2019-09-12T17:00:23","modified_gmt":"2019-09-12T17:00:23","slug":"avala-congreso-de-oaxaca-ley-de-personas-desaparecidas","status":"publish","type":"post","link":"https:\/\/fdnoaxaca.net\/index.php\/2019\/09\/12\/avala-congreso-de-oaxaca-ley-de-personas-desaparecidas\/","title":{"rendered":"Avala Congreso de Oaxaca ley de personas desaparecidas"},"content":{"rendered":"\n<p>San Raymundo Jalpan, Oax. 12 de septiembre de 2019.- El Poder Legislativo expidi\u00f3 la ley en materia de personas desaparecidas del estado de Oaxaca, orden jur\u00eddico donde se garantiza la participaci\u00f3n de familiares de v\u00edctimas en procesos de b\u00fasqueda de sus seres queridos.<\/p>\n\n\n\n<p>La diputada Laura Estrada Mauro, presidenta de la Junta de Coordinaci\u00f3n Pol\u00edtica (Jucopo) e impulsora de este instrumento jur\u00eddico, precis\u00f3 que la expedici\u00f3n de la ley era una deuda pendiente con este sector vulnerable, para terminar con el rezago en trabajos de b\u00fasqueda de personas en la entidad, cuya Comisi\u00f3n local tuvo que entrar en funciones desde el pasado 16 de abril de 2018.<br>\n <br>\nLa nueva ley plantea la creaci\u00f3n del Consejo Estatal Ciudadano en materia de Personas Desaparecidas de la Comisi\u00f3n Estatal de B\u00fasqueda de Personas Desaparecidas, ambas para el estado de Oaxaca y de una Fiscal\u00eda Especializada en la materia.<br>\n <br>\nEl texto garantiza la participaci\u00f3n de los familiares en el dise\u00f1o, implementaci\u00f3n, monitoreo y evaluaci\u00f3n de las acciones de b\u00fasqueda, as\u00ed como la conformaci\u00f3n del Consejo Estatal como \u00f3rgano consultivo de la Comisi\u00f3n local de b\u00fasqueda.<\/p>\n\n\n\n<p>Estrada Mauro precis\u00f3 que se establecen las bases para la coordinaci\u00f3n de b\u00fasqueda de personas y no localizadas, garantiza acciones para prevenir, investigar, sancionar y erradicar los delitos en materia de desaparici\u00f3n forzada, desde el gobierno estatal y los municipios.<br>\n \t <br>\nLament\u00f3 que la desaparici\u00f3n de personas persista como una problem\u00e1tica grave en el pa\u00eds y en la entidad, que se ha convertido en una de las principales modalidades de violaci\u00f3n a los derechos humanos de las personas<br>\n <br>\nLa legislaci\u00f3n est\u00e1 conformada por cinco t\u00edtulos referentes a la creaci\u00f3n de los \u00f3rganos directivos y de vigilancia, capacitaci\u00f3n, programas de prevenci\u00f3n, protecci\u00f3n y reparaci\u00f3n de las v\u00edctimas, a trav\u00e9s de 90 art\u00edculos.<\/p>\n","protected":false},"excerpt":{"rendered":"<p>San Raymundo Jalpan, Oax. 12 de septiembre de 2019.- El Poder Legislativo expidi\u00f3 la ley en materia de personas desaparecidas del estado de Oaxaca, orden jur\u00eddico donde se garantiza la participaci\u00f3n de familiares de v\u00edctimas en procesos de b\u00fasqueda de sus seres queridos. La diputada Laura Estrada Mauro, presidenta de la Junta de Coordinaci\u00f3n Pol\u00edtica&#8230;<\/p>\n","protected":false},"author":4,"featured_media":1566,"comment_status":"closed","ping_status":"closed","sticky":false,"template":"","format":"standard","meta":{"footnotes":""},"categories":[4],"tags":[],"class_list":["post-1564","post","type-post","status-publish","format-standard","has-post-thumbnail","hentry","category-general"],"_links":{"self":[{"href":"https:\/\/fdnoaxaca.net\/index.php\/wp-json\/wp\/v2\/posts\/1564","targetHints":{"allow":["GET"]}}],"collection":[{"href":"https:\/\/fdnoaxaca.net\/index.php\/wp-json\/wp\/v2\/posts"}],"about":[{"href":"https:\/\/fdnoaxaca.net\/index.php\/wp-json\/wp\/v2\/types\/post"}],"author":[{"embeddable":true,"href":"https:\/\/fdnoaxaca.net\/index.php\/wp-json\/wp\/v2\/users\/4"}],"replies":[{"embeddable":true,"href":"https:\/\/fdnoaxaca.net\/index.php\/wp-json\/wp\/v2\/comments?post=1564"}],"version-history":[{"count":1,"href":"https:\/\/fdnoaxaca.net\/index.php\/wp-json\/wp\/v2\/posts\/1564\/revisions"}],"predecessor-version":[{"id":1567,"href":"https:\/\/fdnoaxaca.net\/index.php\/wp-json\/wp\/v2\/posts\/1564\/revisions\/1567"}],"wp:featuredmedia":[{"embeddable":true,"href":"https:\/\/fdnoaxaca.net\/index.php\/wp-json\/wp\/v2\/media\/1566"}],"wp:attachment":[{"href":"https:\/\/fdnoaxaca.net\/index.php\/wp-json\/wp\/v2\/media?parent=1564"}],"wp:term":[{"taxonomy":"category","embeddable":true,"href":"https:\/\/fdnoaxaca.net\/index.php\/wp-json\/wp\/v2\/categories?post=1564"},{"taxonomy":"post_tag","embeddable":true,"href":"https:\/\/fdnoaxaca.net\/index.php\/wp-json\/wp\/v2\/tags?post=1564"}],"curies":[{"name":"wp","href":"https:\/\/api.w.org\/{rel}","templated":true}]}}