{"id":15659,"date":"2024-09-27T22:18:06","date_gmt":"2024-09-28T03:18:06","guid":{"rendered":"https:\/\/fdnoaxaca.net\/?p=15659"},"modified":"2024-09-27T22:18:09","modified_gmt":"2024-09-28T03:18:09","slug":"unen-esfuerzos-poder-judicial-de-oaxaca-y-cidhpda-para-promover-la-cultura-de-la-paz","status":"publish","type":"post","link":"https:\/\/fdnoaxaca.net\/index.php\/2024\/09\/27\/unen-esfuerzos-poder-judicial-de-oaxaca-y-cidhpda-para-promover-la-cultura-de-la-paz\/","title":{"rendered":"Unen esfuerzos Poder Judicial de Oaxaca y CIDHPDA para promover la cultura de la paz"},"content":{"rendered":"\n<ul class=\"wp-block-list\">\n<li>\u2060En los v\u00ednculos con organizaciones no gubernamentales, la magistrada presidenta firm\u00f3 un convenio de colaboraci\u00f3n en materia acad\u00e9mica.<\/li>\n<\/ul>\n\n\n\n<p>Reyes Mantec\u00f3n, San Bartolo Coyotepec. 27 de septiembre de 2024.- En su compromiso con la justicia, la dignidad humana y la cultura de la paz, el Poder Judicial del Estado de Oaxaca firm\u00f3 un convenio de colaboraci\u00f3n con la Comisi\u00f3n Iberoamericana de Derechos Humanos para el Desarrollo de las Am\u00e9ricas (CIDHPDA), organizaci\u00f3n no gubernamental que promueve acciones en apoyo a los sectores m\u00e1s desprotegidos y aporta a la construcci\u00f3n de una sociedad universal humana.&nbsp;<\/p>\n\n\n\n<p>En la ceremonia protocolaria, la magistrada presidenta Berenice Ram\u00edrez Jim\u00e9nez indic\u00f3 que a trav\u00e9s de este acuerdo en materia acad\u00e9mica se establece una alianza s\u00f3lida y de gran relevancia para el desarrollo de actividades acad\u00e9micas, cient\u00edficas, culturales de investigaci\u00f3n, capacitaci\u00f3n, formaci\u00f3n, actualizaci\u00f3n y difusi\u00f3n, que buscan fortalecer el respeto y la protecci\u00f3n de los derechos humanos.<\/p>\n\n\n\n<p>Ante el comisionado presidente para Am\u00e9rica Latina y el Caribe de la CIDHPA, V\u00edctor Hugo Guti\u00e9rrez Y\u00e1\u00f1ez y el comisionado presidente en Oaxaca de esa organizaci\u00f3n, teniente Manuel Guzm\u00e1n Garc\u00eda, asegur\u00f3 que la justicia, la dignidad humana y la cultura de la paz, son conceptos inseparables que constituyen los pilares fundamentales de una sociedad equitativa, incluyente y respetuosa.<\/p>\n\n\n\n<p>La magistrada Berenice Ram\u00edrez Jim\u00e9nez se\u00f1al\u00f3 que, a trav\u00e9s de diferentes ejes transversales, en su administraci\u00f3n se ha avanzado en la ruta hacia una justicia humanizada, m\u00e1s accesible y cercana a la ciudadan\u00eda, con paridad de g\u00e9nero, por lo que con la firma de este convenio de colaboraci\u00f3n y sus aportaciones se continuar\u00e1 cultivando la semilla de este gran cambio.<\/p>\n\n\n\n<p>Por su parte, el Comisionado Presidente para Am\u00e9rica Latina y el Caribe de la CIDHPA explic\u00f3 que algunos de los ejes principales sobre los que basa su misi\u00f3n esta organizaci\u00f3n no gubernamental es el impulso a programas de prevenci\u00f3n del delito, de la cultura de la paz, de hermandad y la capacitaci\u00f3n en temas como son los derechos humanos.<\/p>\n","protected":false},"excerpt":{"rendered":"<p>Reyes Mantec\u00f3n, San Bartolo Coyotepec. 27 de septiembre de 2024.- En su compromiso con la justicia, la dignidad humana y la cultura de la paz, el Poder Judicial del Estado de Oaxaca firm\u00f3 un convenio de colaboraci\u00f3n con la Comisi\u00f3n Iberoamericana de Derechos Humanos para el Desarrollo de las Am\u00e9ricas (CIDHPDA), organizaci\u00f3n no gubernamental que&#8230;<\/p>\n","protected":false},"author":4,"featured_media":15660,"comment_status":"closed","ping_status":"closed","sticky":false,"template":"","format":"standard","meta":{"footnotes":""},"categories":[49],"tags":[],"class_list":["post-15659","post","type-post","status-publish","format-standard","has-post-thumbnail","hentry","category-titulares"],"_links":{"self":[{"href":"https:\/\/fdnoaxaca.net\/index.php\/wp-json\/wp\/v2\/posts\/15659","targetHints":{"allow":["GET"]}}],"collection":[{"href":"https:\/\/fdnoaxaca.net\/index.php\/wp-json\/wp\/v2\/posts"}],"about":[{"href":"https:\/\/fdnoaxaca.net\/index.php\/wp-json\/wp\/v2\/types\/post"}],"author":[{"embeddable":true,"href":"https:\/\/fdnoaxaca.net\/index.php\/wp-json\/wp\/v2\/users\/4"}],"replies":[{"embeddable":true,"href":"https:\/\/fdnoaxaca.net\/index.php\/wp-json\/wp\/v2\/comments?post=15659"}],"version-history":[{"count":1,"href":"https:\/\/fdnoaxaca.net\/index.php\/wp-json\/wp\/v2\/posts\/15659\/revisions"}],"predecessor-version":[{"id":15661,"href":"https:\/\/fdnoaxaca.net\/index.php\/wp-json\/wp\/v2\/posts\/15659\/revisions\/15661"}],"wp:featuredmedia":[{"embeddable":true,"href":"https:\/\/fdnoaxaca.net\/index.php\/wp-json\/wp\/v2\/media\/15660"}],"wp:attachment":[{"href":"https:\/\/fdnoaxaca.net\/index.php\/wp-json\/wp\/v2\/media?parent=15659"}],"wp:term":[{"taxonomy":"category","embeddable":true,"href":"https:\/\/fdnoaxaca.net\/index.php\/wp-json\/wp\/v2\/categories?post=15659"},{"taxonomy":"post_tag","embeddable":true,"href":"https:\/\/fdnoaxaca.net\/index.php\/wp-json\/wp\/v2\/tags?post=15659"}],"curies":[{"name":"wp","href":"https:\/\/api.w.org\/{rel}","templated":true}]}}