{"id":15774,"date":"2024-10-24T11:49:37","date_gmt":"2024-10-24T16:49:37","guid":{"rendered":"https:\/\/fdnoaxaca.net\/?p=15774"},"modified":"2024-10-24T11:49:41","modified_gmt":"2024-10-24T16:49:41","slug":"atiende-poder-judicial-a-la-alianza-de-los-pueblos-por-la-justicia-social","status":"publish","type":"post","link":"https:\/\/fdnoaxaca.net\/index.php\/2024\/10\/24\/atiende-poder-judicial-a-la-alianza-de-los-pueblos-por-la-justicia-social\/","title":{"rendered":"Atiende Poder Judicial a la\u00a0Alianza de los Pueblos por la Justicia Social"},"content":{"rendered":"\n<p>Reyes Mantec\u00f3n, San Bartolo Coyotepec. 24 de octubre de 2024.-\u00a0El\u00a0Visitador General del Consejo de la Judicatura, Alejandro Pacheco Concha, se reuni\u00f3 la tarde del mi\u00e9rcoles con integrantes de la Alianza de los Pueblos por la Justicia Social, para atender sus planteamientos y darles seguimiento en la medida de sus competencias.<\/p>\n\n\n\n<p>Sobre ello, el Poder Judicial de Oaxaca&nbsp;reafirm\u00f3&nbsp;su compromiso de actuar con imparcialidad y en estricto apego a la ley en el caso de muertes violentas de mujeres.<\/p>\n\n\n\n<p>&#8220;Todos los casos son tratados con equidad y bajo los principios de justicia, garantizando que cada proceso se rija conforme a los principios legales, sin presiones ni influencias externas&#8221;, afirm\u00f3.<\/p>\n\n\n\n<p>&#8220;En todo momento, en un marco de respeto, el Poder Judicial ha mantenido su disposici\u00f3n al di\u00e1logo y ha dado seguimiento a las inquietudes de los ciudadanos que buscan la transparencia y la aplicaci\u00f3n de la ley en los procesos judiciales&#8221;, comunic\u00f3.<\/p>\n","protected":false},"excerpt":{"rendered":"<p>Reyes Mantec\u00f3n, San Bartolo Coyotepec. 24 de octubre de 2024.-\u00a0El\u00a0Visitador General del Consejo de la Judicatura, Alejandro Pacheco Concha, se reuni\u00f3 la tarde del mi\u00e9rcoles con integrantes de la Alianza de los Pueblos por la Justicia Social, para atender sus planteamientos y darles seguimiento en la medida de sus competencias. Sobre ello, el Poder Judicial&#8230;<\/p>\n","protected":false},"author":4,"featured_media":15775,"comment_status":"closed","ping_status":"closed","sticky":false,"template":"","format":"standard","meta":{"footnotes":""},"categories":[49],"tags":[],"class_list":["post-15774","post","type-post","status-publish","format-standard","has-post-thumbnail","hentry","category-titulares"],"_links":{"self":[{"href":"https:\/\/fdnoaxaca.net\/index.php\/wp-json\/wp\/v2\/posts\/15774","targetHints":{"allow":["GET"]}}],"collection":[{"href":"https:\/\/fdnoaxaca.net\/index.php\/wp-json\/wp\/v2\/posts"}],"about":[{"href":"https:\/\/fdnoaxaca.net\/index.php\/wp-json\/wp\/v2\/types\/post"}],"author":[{"embeddable":true,"href":"https:\/\/fdnoaxaca.net\/index.php\/wp-json\/wp\/v2\/users\/4"}],"replies":[{"embeddable":true,"href":"https:\/\/fdnoaxaca.net\/index.php\/wp-json\/wp\/v2\/comments?post=15774"}],"version-history":[{"count":1,"href":"https:\/\/fdnoaxaca.net\/index.php\/wp-json\/wp\/v2\/posts\/15774\/revisions"}],"predecessor-version":[{"id":15776,"href":"https:\/\/fdnoaxaca.net\/index.php\/wp-json\/wp\/v2\/posts\/15774\/revisions\/15776"}],"wp:featuredmedia":[{"embeddable":true,"href":"https:\/\/fdnoaxaca.net\/index.php\/wp-json\/wp\/v2\/media\/15775"}],"wp:attachment":[{"href":"https:\/\/fdnoaxaca.net\/index.php\/wp-json\/wp\/v2\/media?parent=15774"}],"wp:term":[{"taxonomy":"category","embeddable":true,"href":"https:\/\/fdnoaxaca.net\/index.php\/wp-json\/wp\/v2\/categories?post=15774"},{"taxonomy":"post_tag","embeddable":true,"href":"https:\/\/fdnoaxaca.net\/index.php\/wp-json\/wp\/v2\/tags?post=15774"}],"curies":[{"name":"wp","href":"https:\/\/api.w.org\/{rel}","templated":true}]}}