{"id":1579,"date":"2019-09-13T19:56:33","date_gmt":"2019-09-13T19:56:33","guid":{"rendered":"http:\/\/fdnoaxaca.net\/?p=1579"},"modified":"2019-09-13T19:56:37","modified_gmt":"2019-09-13T19:56:37","slug":"expondran-en-mupo-coleccion-de-monsivais-en-memoria-de-toledo","status":"publish","type":"post","link":"https:\/\/fdnoaxaca.net\/index.php\/2019\/09\/13\/expondran-en-mupo-coleccion-de-monsivais-en-memoria-de-toledo\/","title":{"rendered":"Expondr\u00e1n en MUPO colecci\u00f3n de Monsiv\u00e1is en memoria de Toledo"},"content":{"rendered":"\n<p>Oaxaca de Ju\u00e1rez, Oax. 13 de septiembre de 2019.- Para conmemorar el 15 aniversario de la fundaci\u00f3n del Museo de los Pintores Oaxaque\u00f1os (MUPO) y en memoria del artista Francisco Toledo, ser\u00e1 expuesta en la capital del estado la colecci\u00f3n del escritor y periodista mexicano fallecido Carlos Monsiv\u00e1is.<\/p>\n\n\n\n<p>La muestra denominada &#8216;Toledo-Monsiv\u00e1is&#8217; re\u00fane 64 piezas de textos, caricatura, dibujo, gr\u00e1fica y pintura de diversos artistas mexicanos, uno de ellos del oaxaque\u00f1o Francisco Toledo, fallecido el 5 de septiembre de este a\u00f1o.<\/p>\n\n\n\n<p>Con esta exposici\u00f3n, el MUPO celebrar\u00e1 15 a\u00f1os de su fundaci\u00f3n y adem\u00e1s ser\u00e1 en memoria del artista juchiteco, promotor cultural y luchador social: Toledo.<\/p>\n\n\n\n<figure class=\"wp-block-embed-youtube wp-block-embed is-type-video is-provider-youtube wp-embed-aspect-16-9 wp-has-aspect-ratio\"><div class=\"wp-block-embed__wrapper\">\n<iframe loading=\"lazy\" title=\"Expondr\u00e1n en MUPO colecci\u00f3n de Monsiv\u00e1is en memoria de Toledo\" width=\"640\" height=\"360\" src=\"https:\/\/www.youtube.com\/embed\/d8G_L5yAMDE?feature=oembed\" frameborder=\"0\" allow=\"accelerometer; autoplay; clipboard-write; encrypted-media; gyroscope; picture-in-picture; web-share\" referrerpolicy=\"strict-origin-when-cross-origin\" allowfullscreen><\/iframe>\n<\/div><\/figure>\n\n\n\n<p>En conferencia de prensa este viernes, la Asociaci\u00f3n de Amigos del Museo de los Pintores Oaxaque\u00f1os (MUPO) y el Patronato del Museo Rufino Tamayo de Oaxaca, anunciaron que la colecci\u00f3n ser\u00e1 inaugurada el 23 de noviembre a las 12:00 horas.<\/p>\n\n\n\n<p>Las obras reflejan la relaci\u00f3n de amistad y la creatividad entre ambos personajes hist\u00f3ricos de M\u00e9xico, se\u00f1ala Fernando G\u00e1lvez, curador del Museo Tamayo.<\/p>\n\n\n\n<p>De acuerdo con los organizadores, la muestra hab\u00eda sido ya programada y autorizada por el oaxaque\u00f1o Francisco Toledo antes de fallecer, y ser\u00eda la primera vez que expondr\u00eda en el MUPO.<\/p>\n\n\n\n<p>Consideraron que ser\u00e1 una oportunidad para honrar la memoria de grandes artistas como Francisco Toledo, Rufino Tamayo y Carlos Monsiv\u00e1is.<\/p>\n","protected":false},"excerpt":{"rendered":"<p>Oaxaca de Ju\u00e1rez, Oax. 13 de septiembre de 2019.- Para conmemorar el 15 aniversario de la fundaci\u00f3n del Museo de los Pintores Oaxaque\u00f1os (MUPO) y en memoria del artista Francisco Toledo, ser\u00e1 expuesta en la capital del estado la colecci\u00f3n del escritor y periodista mexicano fallecido Carlos Monsiv\u00e1is. La muestra denominada &#8216;Toledo-Monsiv\u00e1is&#8217; re\u00fane 64 piezas&#8230;<\/p>\n","protected":false},"author":4,"featured_media":1581,"comment_status":"closed","ping_status":"closed","sticky":false,"template":"","format":"standard","meta":{"footnotes":""},"categories":[49],"tags":[],"class_list":["post-1579","post","type-post","status-publish","format-standard","has-post-thumbnail","hentry","category-titulares"],"_links":{"self":[{"href":"https:\/\/fdnoaxaca.net\/index.php\/wp-json\/wp\/v2\/posts\/1579","targetHints":{"allow":["GET"]}}],"collection":[{"href":"https:\/\/fdnoaxaca.net\/index.php\/wp-json\/wp\/v2\/posts"}],"about":[{"href":"https:\/\/fdnoaxaca.net\/index.php\/wp-json\/wp\/v2\/types\/post"}],"author":[{"embeddable":true,"href":"https:\/\/fdnoaxaca.net\/index.php\/wp-json\/wp\/v2\/users\/4"}],"replies":[{"embeddable":true,"href":"https:\/\/fdnoaxaca.net\/index.php\/wp-json\/wp\/v2\/comments?post=1579"}],"version-history":[{"count":1,"href":"https:\/\/fdnoaxaca.net\/index.php\/wp-json\/wp\/v2\/posts\/1579\/revisions"}],"predecessor-version":[{"id":1582,"href":"https:\/\/fdnoaxaca.net\/index.php\/wp-json\/wp\/v2\/posts\/1579\/revisions\/1582"}],"wp:featuredmedia":[{"embeddable":true,"href":"https:\/\/fdnoaxaca.net\/index.php\/wp-json\/wp\/v2\/media\/1581"}],"wp:attachment":[{"href":"https:\/\/fdnoaxaca.net\/index.php\/wp-json\/wp\/v2\/media?parent=1579"}],"wp:term":[{"taxonomy":"category","embeddable":true,"href":"https:\/\/fdnoaxaca.net\/index.php\/wp-json\/wp\/v2\/categories?post=1579"},{"taxonomy":"post_tag","embeddable":true,"href":"https:\/\/fdnoaxaca.net\/index.php\/wp-json\/wp\/v2\/tags?post=1579"}],"curies":[{"name":"wp","href":"https:\/\/api.w.org\/{rel}","templated":true}]}}