{"id":15846,"date":"2024-11-08T21:02:03","date_gmt":"2024-11-09T02:02:03","guid":{"rendered":"https:\/\/fdnoaxaca.net\/?p=15846"},"modified":"2024-11-08T21:02:07","modified_gmt":"2024-11-09T02:02:07","slug":"aseguran-a-71-migrantes-en-el-istmo-durante-cateo-19-son-menores-de-edad","status":"publish","type":"post","link":"https:\/\/fdnoaxaca.net\/index.php\/2024\/11\/08\/aseguran-a-71-migrantes-en-el-istmo-durante-cateo-19-son-menores-de-edad\/","title":{"rendered":"Aseguran a 71 migrantes en el Istmo durante cateo; 19 son menores de edad\u00a0"},"content":{"rendered":"\n<p>*Derivado del operativo policial se rescataron a personas originarias de Venezuela, Ecuador, Chile, \u00c1frica y Colombia.\u00a0<\/p>\n\n\n\n<p>Oaxaca de Ju\u00e1rez, Oax. 8 de noviembre de 2024.- Derivado de las investigaciones ministeriales encabezadas por la Fiscal\u00eda General del Estado de Oaxaca (FGEO), se ejecut\u00f3 una orden de cateo en la regi\u00f3n del Istmo, acci\u00f3n policial en la que detuvieron a dos personas y rescataron a 71 personas migrantes de diferentes nacionalidades, entre ellos, 19 menores de edad.&nbsp;<\/p>\n\n\n\n<p>El operativo fue el 7 de noviembre de 2024, en un domicilio particular ubicado en la colonia Gustavo Pineda de la Cruz, en el municipio de Juchit\u00e1n de Zaragoza.<\/p>\n\n\n\n<p>De las 71 personas migrantes, 25 son de origen venezolano, 7 de Colombia, 1 de Chile, 3 de Honduras, 1 del Salvador, 1 de Per\u00fa, 32 de Ecuador y 1 originaria del continente africano, quienes se encontraban privados de su libertad.&nbsp;<\/p>\n\n\n\n<p>Tras ser asegurados, quedaron a disposici\u00f3n del Instituto Nacional de Migraci\u00f3n.&nbsp;<\/p>\n\n\n\n<p>Por este hecho, fueron detenidos un hombre identificado como V.M.A.M., de 36 a\u00f1os de edad y una mujer identificada como F.L.J.A., de 42 a\u00f1os de edad, ambos de origen extranjero, quienes presumiblemente se encargaban de cuidar a las personas migrantes y realizar llamadas telef\u00f3nicas a sus familiares en las que les exig\u00edan el pago de una fuerte suma de dinero como pago por su rescate.<\/p>\n\n\n\n<p>Por estos hechos, las personas detenidas fueron puestas a disposici\u00f3n de la autoridad correspondiente para que se determine su situaci\u00f3n jur\u00eddica.<\/p>\n\n\n\n<p>En este sentido, la Fiscal\u00eda General de Oaxaca reporta los siguientes datos de las personas migrantes rescatadas:&nbsp;<\/p>\n\n\n\n<p>1.Robison J.H., de 45 a\u00f1os, Venezuela.&nbsp;&nbsp;<\/p>\n\n\n\n<p>2.Luis Alfredo G.P., de 38 a\u00f1os, Venezuela.&nbsp;&nbsp;<\/p>\n\n\n\n<p>3.Jos\u00e9 Ovidio G.M., de 44 a\u00f1os, Venezuela.&nbsp;&nbsp;<\/p>\n\n\n\n<p>4.Junior Jos\u00e9 V.S., de 28 a\u00f1os, Venezuela.&nbsp;&nbsp;<\/p>\n\n\n\n<p>5.Jordi Joan D.B., de 28 a\u00f1os, Venezuela.&nbsp;&nbsp;<\/p>\n\n\n\n<p>6.Karliani Paola V.V., de 45 a\u00f1os, Venezuela.&nbsp;&nbsp;<\/p>\n\n\n\n<p>7.M\u00eda V.V., de 2 a\u00f1os, Colombia<\/p>\n\n\n\n<p>8.Ram\u00f3n Jos\u00e9 R.A., de 34 a\u00f1os, Venezuela.<\/p>\n\n\n\n<p>9.Carlos Alberto H.V., de 59 a\u00f1os, Venezuela.<\/p>\n\n\n\n<p>10.Mario Israel A.J., de 22 a\u00f1os, Venezuela.<\/p>\n\n\n\n<p>11.Evin Mavian O.C., de 36 a\u00f1os, Venezuela.<\/p>\n\n\n\n<p>12.Angel Luzmila H.D., de 35 a\u00f1os, Venezuela.<\/p>\n\n\n\n<p>13.Alber Josu\u00e9 B.H., de 9 a\u00f1os, Venezuela.<\/p>\n\n\n\n<p>14.Oscar Osmar R.D., de 35 a\u00f1os, Venezuela.<\/p>\n\n\n\n<p>15.Erik Ra\u00fal C.Z. de 25 a\u00f1os, Ecuador.<\/p>\n\n\n\n<p>16.Naomy Andreina C.C., de 18 a\u00f1os, Ecuador.<\/p>\n\n\n\n<p>17.Paulina Alaysah C.C., de 2 a\u00f1os, Ecuador.<\/p>\n\n\n\n<p>18.Santa M\u00f3nica Z.B., de 46 a\u00f1os, Ecuador.<\/p>\n\n\n\n<p>19.Jhon Edison F.Z., de 15 a\u00f1os, Ecuador.<\/p>\n\n\n\n<p>20.Daniela Elizabeth V.P., de 16 a\u00f1os, Ecuador.<\/p>\n\n\n\n<p>21.Ariana Elizabeth P.B., de 39 a\u00f1os, Ecuador.&nbsp;<\/p>\n\n\n\n<p>22.Cristopher Martin V.P., de 20 a\u00f1os, Ecuador.<\/p>\n\n\n\n<p>23.Frank Abelardo P.C.P., de 16 a\u00f1os, Ecuador.<\/p>\n\n\n\n<p>24.Alexander Aaron N.P., de 8 a\u00f1os, Ecuador.<\/p>\n\n\n\n<p>25.Luis Alberto A.Z., de 45 a\u00f1os, Ecuador.<\/p>\n\n\n\n<p>26.Dayana Karina A. C., de 26 a\u00f1os, Ecuador.&nbsp;<\/p>\n\n\n\n<p>27.Kevin Israel C.P., de 24 a\u00f1os, Ecuador.<\/p>\n\n\n\n<p>28.Celia Elizabeth R.M., de 39 a\u00f1os, Ecuador.<\/p>\n\n\n\n<p>29.Jonathan Alberto P.L., de 38 a\u00f1os, Ecuador.<\/p>\n\n\n\n<p>30.Omar Ido P.T., de 23 a\u00f1os, \u00c1frica.&nbsp;<\/p>\n\n\n\n<p>31.Isabel Carelis N.G., de 18 a\u00f1os, Ecuador.<\/p>\n\n\n\n<p>32.Jonathan Josu\u00e9 S.E., de 21 a\u00f1os, Ecuador.<\/p>\n\n\n\n<p>33.Aitana Isabella S.N., de 3 a\u00f1os, Ecuador.<\/p>\n\n\n\n<p>34. Sebasti\u00e1n Nathanael S.N., de 1 a\u00f1o, Ecuador.<\/p>\n\n\n\n<p>35.Sandra Patricia M.P., de 35 a\u00f1os, Colombia.<\/p>\n\n\n\n<p>36.Wilson Antonio V.G., de 35 a\u00f1os, Colombia.<\/p>\n\n\n\n<p>37.Sawui Dayana V.M., de 11 a\u00f1os, Colombia.<\/p>\n\n\n\n<p>38.Paola Dayana B.G., de 33 a\u00f1os, Venezuela.<\/p>\n\n\n\n<p>39.Angeli Yasinit R.M., de 24 a\u00f1os, Venezuela.<\/p>\n\n\n\n<p>40.Danyeli Soneidy R.M., de 22 a\u00f1os, Venezuela.<\/p>\n\n\n\n<p>41.Darwin Jos\u00e9 P.G., de 20 a\u00f1os, Venezuela.<\/p>\n\n\n\n<p>42.Ambar Jeanmair R.A., de 22 a\u00f1os, Venezuela.<\/p>\n\n\n\n<p>43.Reyniel Josu\u00e9 H.Q., de 23 a\u00f1os, Venezuela.<\/p>\n\n\n\n<p>44.Maiha Antonela&nbsp; E.R.,&nbsp; de 3 a\u00f1os, Per\u00fa.<\/p>\n\n\n\n<p>45.Amber Elay S.R., de 4 a\u00f1os, Colombia.&nbsp;<\/p>\n\n\n\n<p>46.Edwin Edier E.R., de 6 a\u00f1os, Venezuela.<\/p>\n\n\n\n<p>47.Juan Carlos E.V.,&nbsp; &nbsp;de 52 a\u00f1os, Ecuador.&nbsp;<\/p>\n\n\n\n<p>48.Luis Alexis O.G., de 24 a\u00f1os, Ecuador.<\/p>\n\n\n\n<p>49.Alexa Nayleth O.N., de 4 a\u00f1os, Ecuador.<\/p>\n\n\n\n<p>50.Luisa Delia N.G., de 20 a\u00f1os, Ecuador.<\/p>\n\n\n\n<p>51.Ayuden Issac O.N., de 1 a\u00f1o, Ecuador.<\/p>\n\n\n\n<p>52.Emilio Francisco G.G., de 50 a\u00f1os, Ecuador.<\/p>\n\n\n\n<p>53.Yuliana Solange G.V., de 23 a\u00f1os, Ecuador.&nbsp;&nbsp;<\/p>\n\n\n\n<p>54.EMA Sof\u00eda G.V., de 1 a\u00f1o, Ecuador.<\/p>\n\n\n\n<p>55.Jose Santiago A.C., de 33a\u00f1os, Ecuador.<\/p>\n\n\n\n<p>56.Zoila Salome A.A., de 46 a\u00f1os, Ecuador.<\/p>\n\n\n\n<p>57.Wendy Nayeli C.A., de 22 a\u00f1os, Ecuador.<\/p>\n\n\n\n<p>58.Erick Migue C.A., de 19 a\u00f1os, Ecuador.&nbsp;<\/p>\n\n\n\n<p>59.Ericka Salome M.C., de 4 a\u00f1os, Ecuador.<\/p>\n\n\n\n<p>60.Carla Yaneth C.O., de 29 a\u00f1os, Salvador.<\/p>\n\n\n\n<p>61.Wilfredo L.L., de 28 a\u00f1os, Honduras.<\/p>\n\n\n\n<p>62.Maribel R.R., de 38 a\u00f1os, Honduras.<\/p>\n\n\n\n<p>63.Jackeline Fabiola L.R., de 2 a\u00f1os, Honduras.<\/p>\n\n\n\n<p>64. Alexandra P.P., de 65 a\u00f1os, Venezuela.<\/p>\n\n\n\n<p>65. Abelardo C. de 68 a\u00f1os, Venezuela.<\/p>\n\n\n\n<p>66.Thais Jarianis C.G., de 39 a\u00f1os, Venezuela.<\/p>\n\n\n\n<p>67 Andrey Ignacio L.C., de 14 a\u00f1os, Venezuela.<\/p>\n\n\n\n<p>68. Adri\u00e1n Jes\u00fas J.C., de 2 a\u00f1os, Chile&nbsp;<\/p>\n\n\n\n<p>69.Luis A.M., de 29 a\u00f1os, Venezuela.<\/p>\n\n\n\n<p>70.Diana Marcela G. de 26 a\u00f1os, Colombia.<\/p>\n\n\n\n<p>71.Luis Mat\u00edas A.G., de 4 a\u00f1os, Colombia.<\/p>\n","protected":false},"excerpt":{"rendered":"<p>*Derivado del operativo policial se rescataron a personas originarias de Venezuela, Ecuador, Chile, \u00c1frica y Colombia.\u00a0 Oaxaca de Ju\u00e1rez, Oax. 8 de noviembre de 2024.- Derivado de las investigaciones ministeriales encabezadas por la Fiscal\u00eda General del Estado de Oaxaca (FGEO), se ejecut\u00f3 una orden de cateo en la regi\u00f3n del Istmo, acci\u00f3n policial en la&#8230;<\/p>\n","protected":false},"author":4,"featured_media":15847,"comment_status":"closed","ping_status":"closed","sticky":false,"template":"","format":"standard","meta":{"footnotes":""},"categories":[49],"tags":[],"class_list":["post-15846","post","type-post","status-publish","format-standard","has-post-thumbnail","hentry","category-titulares"],"_links":{"self":[{"href":"https:\/\/fdnoaxaca.net\/index.php\/wp-json\/wp\/v2\/posts\/15846","targetHints":{"allow":["GET"]}}],"collection":[{"href":"https:\/\/fdnoaxaca.net\/index.php\/wp-json\/wp\/v2\/posts"}],"about":[{"href":"https:\/\/fdnoaxaca.net\/index.php\/wp-json\/wp\/v2\/types\/post"}],"author":[{"embeddable":true,"href":"https:\/\/fdnoaxaca.net\/index.php\/wp-json\/wp\/v2\/users\/4"}],"replies":[{"embeddable":true,"href":"https:\/\/fdnoaxaca.net\/index.php\/wp-json\/wp\/v2\/comments?post=15846"}],"version-history":[{"count":1,"href":"https:\/\/fdnoaxaca.net\/index.php\/wp-json\/wp\/v2\/posts\/15846\/revisions"}],"predecessor-version":[{"id":15848,"href":"https:\/\/fdnoaxaca.net\/index.php\/wp-json\/wp\/v2\/posts\/15846\/revisions\/15848"}],"wp:featuredmedia":[{"embeddable":true,"href":"https:\/\/fdnoaxaca.net\/index.php\/wp-json\/wp\/v2\/media\/15847"}],"wp:attachment":[{"href":"https:\/\/fdnoaxaca.net\/index.php\/wp-json\/wp\/v2\/media?parent=15846"}],"wp:term":[{"taxonomy":"category","embeddable":true,"href":"https:\/\/fdnoaxaca.net\/index.php\/wp-json\/wp\/v2\/categories?post=15846"},{"taxonomy":"post_tag","embeddable":true,"href":"https:\/\/fdnoaxaca.net\/index.php\/wp-json\/wp\/v2\/tags?post=15846"}],"curies":[{"name":"wp","href":"https:\/\/api.w.org\/{rel}","templated":true}]}}