{"id":15924,"date":"2024-11-29T13:48:57","date_gmt":"2024-11-29T18:48:57","guid":{"rendered":"https:\/\/fdnoaxaca.net\/?p=15924"},"modified":"2024-11-29T13:49:00","modified_gmt":"2024-11-29T18:49:00","slug":"persona-detenida-por-el-crimen-de-dos-mujeres-triquis-es-policia-estatal","status":"publish","type":"post","link":"https:\/\/fdnoaxaca.net\/index.php\/2024\/11\/29\/persona-detenida-por-el-crimen-de-dos-mujeres-triquis-es-policia-estatal\/","title":{"rendered":"Persona detenida por el crimen de dos mujeres triquis, es polic\u00eda estatal\u00a0"},"content":{"rendered":"\n<p>Oaxaca de Ju\u00e1rez, Oax. 29 de noviembre de 2024.- La persona detenida por su presunta participaci\u00f3n en el crimen de dos mujeres de la etnia triqui, es polic\u00eda estatal de Oaxaca.\u00a0<\/p>\n\n\n\n<p>Este viernes, la Fiscal\u00eda General del Estado de Oaxaca inform\u00f3 que el individuo identificado por las iniciales L. E. R. V., y detenido, es elemento activo de la Polic\u00eda Estatal de la Secretar\u00eda de Seguridad y Protecci\u00f3n Ciudadana (SSPC).&nbsp;<\/p>\n\n\n\n<p>&#8220;Est\u00e1 imputado por el homicidio calificado de dos mujeres originarias de la zona triqui de la Mixteca, identificadas como V. O. G. y A. O. G., quienes fueron agredidas con disparos de arma de fuego, delito cometido en la capital de la entidad&#8221;, se\u00f1al\u00f3 la Fiscal\u00eda.&nbsp;<\/p>\n\n\n\n<p>&#8220;Las investigaciones apuntan a que el imputado tendr\u00eda responsabilidad en la comisi\u00f3n del delito de homicidio, por ello se obtuvo la orden de aprehensi\u00f3n que hizo posible su detenci\u00f3n legal para presentarlo ante el Juez&#8221;, detall\u00f3.&nbsp;<\/p>\n\n\n\n<p>&#8220;Como resultado de las investigaciones iniciales que realiza la FGEO, a trav\u00e9s de la Fiscal\u00eda Especializada para la Atenci\u00f3n a Delitos de Alto Impacto, se estableci\u00f3 que L. E. R. V., es elemento activo de la Polic\u00eda Estatal&#8221;, indic\u00f3.&nbsp;<\/p>\n","protected":false},"excerpt":{"rendered":"<p>Oaxaca de Ju\u00e1rez, Oax. 29 de noviembre de 2024.- La persona detenida por su presunta participaci\u00f3n en el crimen de dos mujeres de la etnia triqui, es polic\u00eda estatal de Oaxaca.\u00a0 Este viernes, la Fiscal\u00eda General del Estado de Oaxaca inform\u00f3 que el individuo identificado por las iniciales L. E. R. V., y detenido, es&#8230;<\/p>\n","protected":false},"author":4,"featured_media":15925,"comment_status":"closed","ping_status":"closed","sticky":false,"template":"","format":"standard","meta":{"footnotes":""},"categories":[49],"tags":[],"class_list":["post-15924","post","type-post","status-publish","format-standard","has-post-thumbnail","hentry","category-titulares"],"_links":{"self":[{"href":"https:\/\/fdnoaxaca.net\/index.php\/wp-json\/wp\/v2\/posts\/15924","targetHints":{"allow":["GET"]}}],"collection":[{"href":"https:\/\/fdnoaxaca.net\/index.php\/wp-json\/wp\/v2\/posts"}],"about":[{"href":"https:\/\/fdnoaxaca.net\/index.php\/wp-json\/wp\/v2\/types\/post"}],"author":[{"embeddable":true,"href":"https:\/\/fdnoaxaca.net\/index.php\/wp-json\/wp\/v2\/users\/4"}],"replies":[{"embeddable":true,"href":"https:\/\/fdnoaxaca.net\/index.php\/wp-json\/wp\/v2\/comments?post=15924"}],"version-history":[{"count":1,"href":"https:\/\/fdnoaxaca.net\/index.php\/wp-json\/wp\/v2\/posts\/15924\/revisions"}],"predecessor-version":[{"id":15926,"href":"https:\/\/fdnoaxaca.net\/index.php\/wp-json\/wp\/v2\/posts\/15924\/revisions\/15926"}],"wp:featuredmedia":[{"embeddable":true,"href":"https:\/\/fdnoaxaca.net\/index.php\/wp-json\/wp\/v2\/media\/15925"}],"wp:attachment":[{"href":"https:\/\/fdnoaxaca.net\/index.php\/wp-json\/wp\/v2\/media?parent=15924"}],"wp:term":[{"taxonomy":"category","embeddable":true,"href":"https:\/\/fdnoaxaca.net\/index.php\/wp-json\/wp\/v2\/categories?post=15924"},{"taxonomy":"post_tag","embeddable":true,"href":"https:\/\/fdnoaxaca.net\/index.php\/wp-json\/wp\/v2\/tags?post=15924"}],"curies":[{"name":"wp","href":"https:\/\/api.w.org\/{rel}","templated":true}]}}