{"id":16041,"date":"2025-01-29T15:39:51","date_gmt":"2025-01-29T20:39:51","guid":{"rendered":"https:\/\/fdnoaxaca.net\/?p=16041"},"modified":"2025-01-29T15:39:52","modified_gmt":"2025-01-29T20:39:52","slug":"cuatro-personas-muertas-saldo-de-operativo-por-caso-de-sandra-dominguez-activista-desaparecida","status":"publish","type":"post","link":"https:\/\/fdnoaxaca.net\/index.php\/2025\/01\/29\/cuatro-personas-muertas-saldo-de-operativo-por-caso-de-sandra-dominguez-activista-desaparecida\/","title":{"rendered":"Cuatro personas muertas, saldo de operativo por caso de Sandra Dom\u00ednguez, activista desaparecida\u00a0"},"content":{"rendered":"\n<p>Oaxaca, Oax., 29 de enero de 2025.- Cuatro personas muertas, entre ellas un investigador federal, es el saldo de un operativo implementado en Veracruz por el caso de la activista oaxaque\u00f1a desaparecida Sandra Dom\u00ednguez.<\/p>\n\n\n\n<p>Omar Garc\u00eda Harfuch, secretario de Seguridad y Protecci\u00f3n Ciudadana del Gobierno de M\u00e9xico, inform\u00f3 que al dar cumplimiento a una orden de aprehensi\u00f3n en Veracruz de una persona relacionada con la desaparici\u00f3n de la activista Sandra Dom\u00ednguez, elementos de seguridad federales y de la Fiscal\u00eda General de Oaxaca, fueron agredidos por hombres armados.<\/p>\n\n\n\n<p>Detall\u00f3 que, &#8220;derivado del enfrentamiento, tres agresores perdieron la vida incluyendo el l\u00edder de la c\u00e9lula delictiva. Lamentablemente un compa\u00f1ero de investigaci\u00f3n perdi\u00f3 la vida tras ser atendido en el hospital&#8221;, inform\u00f3 Garc\u00eda Harfuch en su redacci\u00f3n social de X.<\/p>\n\n\n\n<p>&#8220;Nuestro compa\u00f1ero perdi\u00f3 la vida en una acci\u00f3n valiente cumpliendo con su deber y sacando de las calles a generadores de violencia que afectan a nuestro pa\u00eds&#8221;, escribi\u00f3.<\/p>\n\n\n\n<p>Sandra Dom\u00ednguez, defensora de derechos humanos, desapareci\u00f3 junto con su esposo Alexander Hern\u00e1ndez, el 4 de octubre de 2024 en Mar\u00eda Lombardo de Caso, comunidad perteneciente al municipio de San Juan Cotzoc\u00f3n.<\/p>\n","protected":false},"excerpt":{"rendered":"<p>Oaxaca, Oax., 29 de enero de 2025.- Cuatro personas muertas, entre ellas un investigador federal, es el saldo de un operativo implementado en Veracruz por el caso de la activista oaxaque\u00f1a desaparecida Sandra Dom\u00ednguez. Omar Garc\u00eda Harfuch, secretario de Seguridad y Protecci\u00f3n Ciudadana del Gobierno de M\u00e9xico, inform\u00f3 que al dar cumplimiento a una orden&#8230;<\/p>\n","protected":false},"author":4,"featured_media":16042,"comment_status":"closed","ping_status":"closed","sticky":false,"template":"","format":"standard","meta":{"footnotes":""},"categories":[49],"tags":[],"class_list":["post-16041","post","type-post","status-publish","format-standard","has-post-thumbnail","hentry","category-titulares"],"_links":{"self":[{"href":"https:\/\/fdnoaxaca.net\/index.php\/wp-json\/wp\/v2\/posts\/16041","targetHints":{"allow":["GET"]}}],"collection":[{"href":"https:\/\/fdnoaxaca.net\/index.php\/wp-json\/wp\/v2\/posts"}],"about":[{"href":"https:\/\/fdnoaxaca.net\/index.php\/wp-json\/wp\/v2\/types\/post"}],"author":[{"embeddable":true,"href":"https:\/\/fdnoaxaca.net\/index.php\/wp-json\/wp\/v2\/users\/4"}],"replies":[{"embeddable":true,"href":"https:\/\/fdnoaxaca.net\/index.php\/wp-json\/wp\/v2\/comments?post=16041"}],"version-history":[{"count":1,"href":"https:\/\/fdnoaxaca.net\/index.php\/wp-json\/wp\/v2\/posts\/16041\/revisions"}],"predecessor-version":[{"id":16043,"href":"https:\/\/fdnoaxaca.net\/index.php\/wp-json\/wp\/v2\/posts\/16041\/revisions\/16043"}],"wp:featuredmedia":[{"embeddable":true,"href":"https:\/\/fdnoaxaca.net\/index.php\/wp-json\/wp\/v2\/media\/16042"}],"wp:attachment":[{"href":"https:\/\/fdnoaxaca.net\/index.php\/wp-json\/wp\/v2\/media?parent=16041"}],"wp:term":[{"taxonomy":"category","embeddable":true,"href":"https:\/\/fdnoaxaca.net\/index.php\/wp-json\/wp\/v2\/categories?post=16041"},{"taxonomy":"post_tag","embeddable":true,"href":"https:\/\/fdnoaxaca.net\/index.php\/wp-json\/wp\/v2\/tags?post=16041"}],"curies":[{"name":"wp","href":"https:\/\/api.w.org\/{rel}","templated":true}]}}