{"id":16078,"date":"2025-02-10T12:39:08","date_gmt":"2025-02-10T17:39:08","guid":{"rendered":"https:\/\/fdnoaxaca.net\/?p=16078"},"modified":"2025-02-10T12:39:10","modified_gmt":"2025-02-10T17:39:10","slug":"localizan-a-adolescente-que-habia-sido-enganchado-por-el-crimen-organizado","status":"publish","type":"post","link":"https:\/\/fdnoaxaca.net\/index.php\/2025\/02\/10\/localizan-a-adolescente-que-habia-sido-enganchado-por-el-crimen-organizado\/","title":{"rendered":"Localizan a adolescente que hab\u00eda sido enganchado por el crimen organizado\u00a0"},"content":{"rendered":"\n<p>Oaxaca de Ju\u00e1rez, Oax., 10 de febrero de 2025.- La Fiscal\u00eda General del Estado de Oaxaca (FGEO) localiz\u00f3 al adolescente identificado como D.A.R.L., de 16 a\u00f1os de edad, quien estaba reportado como no localizado, luego de ser enganchado por redes criminales desde el estado de Jalisco, a trav\u00e9s de medios electr\u00f3nicos.\u00a0<\/p>\n\n\n\n<p>De acuerdo con la denuncia realizada por los familiares, el 5 de febrero de 2025, D.A.R.L. sali\u00f3 de su domicilio ubicado en el municipio de Santa Luc\u00eda del Camino.<\/p>\n\n\n\n<p>La investigaci\u00f3n revela que, D.A.R.L. habr\u00eda sido enganchado a trav\u00e9s de medios electr\u00f3nicos, por redes criminales desde el estado de Jalisco, para luego ser trasladado al occidente del pa\u00eds.&nbsp;<\/p>\n\n\n\n<p>Luego de recibir la denuncia inmediata por parte de familiares, la Fiscal\u00eda del Estado de Oaxaca, -a trav\u00e9s de la Unidad de B\u00fasqueda de Personas No localizadas (DNOL) de la Vicefiscal\u00eda General de Atenci\u00f3n a V\u00edctimas y a la Sociedad- activ\u00f3 de forma inmediata las acciones para la b\u00fasqueda y pronta localizaci\u00f3n de la v\u00edctima, por lo que se realizaron operativos focalizados en la entidad oaxaque\u00f1a.<\/p>\n\n\n\n<p>Derivado de las investigaciones en torno al caso, elementos de la Agencia Estatal de Investigaciones (AEI) lograron dar con el paradero de D.A.R.L., resultados obtenidos en menos de 24 horas despu\u00e9s de que reportaron su no localizaci\u00f3n.<\/p>\n\n\n\n<p>La v\u00edctima fue presentada ante las autoridades para realizar una valoraci\u00f3n m\u00e9dica para determinar su estado de salud y con ello, realizar las diligencias correspondientes para ser restituido con sus familiares.<\/p>\n\n\n\n<p>En casos de ausencias o reporte de personas no localizadas, la denuncia oportuna y pronta ante la Fiscal\u00eda de Oaxaca es clave en las labores de b\u00fasqueda y localizaci\u00f3n, pues la instituci\u00f3n cuenta con equipo especializado con una tasa de efectividad para que las personas vuelvan con sus familias.<\/p>\n","protected":false},"excerpt":{"rendered":"<p>Oaxaca de Ju\u00e1rez, Oax., 10 de febrero de 2025.- La Fiscal\u00eda General del Estado de Oaxaca (FGEO) localiz\u00f3 al adolescente identificado como D.A.R.L., de 16 a\u00f1os de edad, quien estaba reportado como no localizado, luego de ser enganchado por redes criminales desde el estado de Jalisco, a trav\u00e9s de medios electr\u00f3nicos.\u00a0 De acuerdo con la&#8230;<\/p>\n","protected":false},"author":4,"featured_media":16079,"comment_status":"closed","ping_status":"closed","sticky":false,"template":"","format":"standard","meta":{"footnotes":""},"categories":[49],"tags":[],"class_list":["post-16078","post","type-post","status-publish","format-standard","has-post-thumbnail","hentry","category-titulares"],"_links":{"self":[{"href":"https:\/\/fdnoaxaca.net\/index.php\/wp-json\/wp\/v2\/posts\/16078","targetHints":{"allow":["GET"]}}],"collection":[{"href":"https:\/\/fdnoaxaca.net\/index.php\/wp-json\/wp\/v2\/posts"}],"about":[{"href":"https:\/\/fdnoaxaca.net\/index.php\/wp-json\/wp\/v2\/types\/post"}],"author":[{"embeddable":true,"href":"https:\/\/fdnoaxaca.net\/index.php\/wp-json\/wp\/v2\/users\/4"}],"replies":[{"embeddable":true,"href":"https:\/\/fdnoaxaca.net\/index.php\/wp-json\/wp\/v2\/comments?post=16078"}],"version-history":[{"count":1,"href":"https:\/\/fdnoaxaca.net\/index.php\/wp-json\/wp\/v2\/posts\/16078\/revisions"}],"predecessor-version":[{"id":16080,"href":"https:\/\/fdnoaxaca.net\/index.php\/wp-json\/wp\/v2\/posts\/16078\/revisions\/16080"}],"wp:featuredmedia":[{"embeddable":true,"href":"https:\/\/fdnoaxaca.net\/index.php\/wp-json\/wp\/v2\/media\/16079"}],"wp:attachment":[{"href":"https:\/\/fdnoaxaca.net\/index.php\/wp-json\/wp\/v2\/media?parent=16078"}],"wp:term":[{"taxonomy":"category","embeddable":true,"href":"https:\/\/fdnoaxaca.net\/index.php\/wp-json\/wp\/v2\/categories?post=16078"},{"taxonomy":"post_tag","embeddable":true,"href":"https:\/\/fdnoaxaca.net\/index.php\/wp-json\/wp\/v2\/tags?post=16078"}],"curies":[{"name":"wp","href":"https:\/\/api.w.org\/{rel}","templated":true}]}}