{"id":16081,"date":"2025-02-10T18:28:18","date_gmt":"2025-02-10T23:28:18","guid":{"rendered":"https:\/\/fdnoaxaca.net\/?p=16081"},"modified":"2025-02-10T18:28:20","modified_gmt":"2025-02-10T23:28:20","slug":"anuncian-ampliacion-del-aeropuerto-internacional-de-oaxaca","status":"publish","type":"post","link":"https:\/\/fdnoaxaca.net\/index.php\/2025\/02\/10\/anuncian-ampliacion-del-aeropuerto-internacional-de-oaxaca\/","title":{"rendered":"Anuncian ampliaci\u00f3n del aeropuerto internacional de Oaxaca"},"content":{"rendered":"\n<p><strong>Santa Cruz Xoxocotl\u00e1n, Oax. 10 de febrero de 2025.-<\/strong>&nbsp;El gobernador Salom\u00f3n Jara Cruz inform\u00f3 este lunes sobre los trabajos de remodelaci\u00f3n al Aeropuerto Internacional de Oaxaca.<\/p>\n\n\n\n<p>Al encabezar la conferencia de prensa matutina, Jara Cruz comunic\u00f3 que la empresa Aeropuertos del Sureste (Asur), realiza una inversi\u00f3n por 2 mil 120 millones de pesos para esta obra.&nbsp;<\/p>\n\n\n\n<p>Con esta ampliaci\u00f3n se busca cuadruplicar la infraestructura de la terminal a\u00e9rea, que pasar\u00e1 de 7 mil a 28 mil metros cuadrados, lo que mejorar\u00e1 no solo la movilidad, sino que impulsar\u00e1 el potencial econ\u00f3mico de Oaxaca.<\/p>\n\n\n\n<figure class=\"wp-block-image size-large\"><img loading=\"lazy\" decoding=\"async\" width=\"1024\" height=\"539\" src=\"https:\/\/fdnoaxaca.net\/wp-content\/uploads\/2025\/02\/Picsart_25-02-10_17-17-27-355-1024x539.jpg\" alt=\"\" class=\"wp-image-16083\" srcset=\"https:\/\/fdnoaxaca.net\/wp-content\/uploads\/2025\/02\/Picsart_25-02-10_17-17-27-355-1024x539.jpg 1024w, https:\/\/fdnoaxaca.net\/wp-content\/uploads\/2025\/02\/Picsart_25-02-10_17-17-27-355-300x158.jpg 300w, https:\/\/fdnoaxaca.net\/wp-content\/uploads\/2025\/02\/Picsart_25-02-10_17-17-27-355-768x404.jpg 768w, https:\/\/fdnoaxaca.net\/wp-content\/uploads\/2025\/02\/Picsart_25-02-10_17-17-27-355-1536x808.jpg 1536w, https:\/\/fdnoaxaca.net\/wp-content\/uploads\/2025\/02\/Picsart_25-02-10_17-17-27-355.jpg 1920w\" sizes=\"auto, (max-width: 1024px) 100vw, 1024px\" \/><\/figure>\n\n\n\n<p>Al cierre de diciembre de 2024, este aeropuerto registr\u00f3 un aumento del 5.52 por ciento en el tr\u00e1fico de pasajeros, que represent\u00f3 93 mil 531 personas viajeras adicionales. Respecto a los pasajeros nacionales se tuvo un alza del 5.12 por ciento, y un impresionante 20.28 por ciento en pasajeros internacionales, muestra clara del atractivo creciente de Oaxaca en el escenario global.<\/p>\n\n\n\n<p>Por su parte, el administrador general del Aeropuerto Internacional de Oaxaca, Jorge Carlos Campos Romero, se\u00f1al\u00f3 que los trabajos de remodelaci\u00f3n y ampliaci\u00f3n comenzaron en enero de este a\u00f1o, y se espera concluyan en diciembre 2028.<\/p>\n\n\n\n<p>Explic\u00f3 que las \u00e1reas que se intervendr\u00e1n son: mostradores de documentaci\u00f3n, filtros de revisi\u00f3n de pasajeros, recepci\u00f3n de equipaje nacional e internacional, m\u00f3dulos de migraci\u00f3n, l\u00edneas de inspecci\u00f3n de aduanas, posiciones de aeronaves, aeropasillos, sala de \u00faltima espera, comercial, elevadores y escaleras el\u00e9ctricas.<\/p>\n","protected":false},"excerpt":{"rendered":"<p>Santa Cruz Xoxocotl\u00e1n, Oax. 10 de febrero de 2025.-&nbsp;El gobernador Salom\u00f3n Jara Cruz inform\u00f3 este lunes sobre los trabajos de remodelaci\u00f3n al Aeropuerto Internacional de Oaxaca. Al encabezar la conferencia de prensa matutina, Jara Cruz comunic\u00f3 que la empresa Aeropuertos del Sureste (Asur), realiza una inversi\u00f3n por 2 mil 120 millones de pesos para esta&#8230;<\/p>\n","protected":false},"author":4,"featured_media":16082,"comment_status":"closed","ping_status":"closed","sticky":false,"template":"","format":"standard","meta":{"footnotes":""},"categories":[4],"tags":[],"class_list":["post-16081","post","type-post","status-publish","format-standard","has-post-thumbnail","hentry","category-general"],"_links":{"self":[{"href":"https:\/\/fdnoaxaca.net\/index.php\/wp-json\/wp\/v2\/posts\/16081","targetHints":{"allow":["GET"]}}],"collection":[{"href":"https:\/\/fdnoaxaca.net\/index.php\/wp-json\/wp\/v2\/posts"}],"about":[{"href":"https:\/\/fdnoaxaca.net\/index.php\/wp-json\/wp\/v2\/types\/post"}],"author":[{"embeddable":true,"href":"https:\/\/fdnoaxaca.net\/index.php\/wp-json\/wp\/v2\/users\/4"}],"replies":[{"embeddable":true,"href":"https:\/\/fdnoaxaca.net\/index.php\/wp-json\/wp\/v2\/comments?post=16081"}],"version-history":[{"count":1,"href":"https:\/\/fdnoaxaca.net\/index.php\/wp-json\/wp\/v2\/posts\/16081\/revisions"}],"predecessor-version":[{"id":16084,"href":"https:\/\/fdnoaxaca.net\/index.php\/wp-json\/wp\/v2\/posts\/16081\/revisions\/16084"}],"wp:featuredmedia":[{"embeddable":true,"href":"https:\/\/fdnoaxaca.net\/index.php\/wp-json\/wp\/v2\/media\/16082"}],"wp:attachment":[{"href":"https:\/\/fdnoaxaca.net\/index.php\/wp-json\/wp\/v2\/media?parent=16081"}],"wp:term":[{"taxonomy":"category","embeddable":true,"href":"https:\/\/fdnoaxaca.net\/index.php\/wp-json\/wp\/v2\/categories?post=16081"},{"taxonomy":"post_tag","embeddable":true,"href":"https:\/\/fdnoaxaca.net\/index.php\/wp-json\/wp\/v2\/tags?post=16081"}],"curies":[{"name":"wp","href":"https:\/\/api.w.org\/{rel}","templated":true}]}}