{"id":16223,"date":"2025-03-03T21:01:03","date_gmt":"2025-03-04T02:01:03","guid":{"rendered":"https:\/\/fdnoaxaca.net\/?p=16223"},"modified":"2025-03-03T21:01:04","modified_gmt":"2025-03-04T02:01:04","slug":"reportan-una-muerte-en-oaxaca-por-tos-ferina","status":"publish","type":"post","link":"https:\/\/fdnoaxaca.net\/index.php\/2025\/03\/03\/reportan-una-muerte-en-oaxaca-por-tos-ferina\/","title":{"rendered":"Reportan una muerte en Oaxaca por tos ferina\u00a0"},"content":{"rendered":"\n<p>Oaxaca, Oax. 3 de marzo de 2025.- El gobierno de Oaxaca confirm\u00f3 la muerte de una persona en el estado debido a la enfermedad llamada tos ferina.<\/p>\n\n\n\n<p>Este lunes, a trav\u00e9s de un comunicado, inform\u00f3 que&nbsp;tras el anuncio epidemiol\u00f3gico de tos ferina, se tiene el registro de 17 casos, de los cuales dos son en personas adultas; adem\u00e1s de un fallecimiento sin antecedentes de vacuna.<\/p>\n\n\n\n<p>El 26&nbsp;de febrero del presente a\u00f1o, el gobierno federal emiti\u00f3 un aviso epidemiol\u00f3gico sobre el aumento de casos de esta enfermedad infecciosa causada por la bacteria \u201cbordetella pertussis\u201d,&nbsp;la cual puede afectar a beb\u00e9s,&nbsp;provocar discapacidad permanente e incluso la muerte.<\/p>\n\n\n\n<p>Adem\u00e1s, que se contagia a trav\u00e9s del&nbsp;contacto con secreciones de las l\u00edneas respiratorias de una persona infectada, que registra s\u00edntomas entre 1 y 2 semanas despu\u00e9s de contraer la enfermedad.<\/p>\n\n\n\n<p>Finalmente, detall\u00f3 que la tos de este padecimiento es muy caracter\u00edstica porque suena como si fuera un gallo, que provoca cianosis (cambia&nbsp;la coloraci\u00f3n del paciente) y disnea (causa dificultad para respirar), adem\u00e1s es emetizante (deriva en v\u00f3mito).<\/p>\n","protected":false},"excerpt":{"rendered":"<p>Oaxaca, Oax. 3 de marzo de 2025.- El gobierno de Oaxaca confirm\u00f3 la muerte de una persona en el estado debido a la enfermedad llamada tos ferina. Este lunes, a trav\u00e9s de un comunicado, inform\u00f3 que&nbsp;tras el anuncio epidemiol\u00f3gico de tos ferina, se tiene el registro de 17 casos, de los cuales dos son en&#8230;<\/p>\n","protected":false},"author":4,"featured_media":16224,"comment_status":"closed","ping_status":"closed","sticky":false,"template":"","format":"standard","meta":{"footnotes":""},"categories":[49],"tags":[],"class_list":["post-16223","post","type-post","status-publish","format-standard","has-post-thumbnail","hentry","category-titulares"],"_links":{"self":[{"href":"https:\/\/fdnoaxaca.net\/index.php\/wp-json\/wp\/v2\/posts\/16223","targetHints":{"allow":["GET"]}}],"collection":[{"href":"https:\/\/fdnoaxaca.net\/index.php\/wp-json\/wp\/v2\/posts"}],"about":[{"href":"https:\/\/fdnoaxaca.net\/index.php\/wp-json\/wp\/v2\/types\/post"}],"author":[{"embeddable":true,"href":"https:\/\/fdnoaxaca.net\/index.php\/wp-json\/wp\/v2\/users\/4"}],"replies":[{"embeddable":true,"href":"https:\/\/fdnoaxaca.net\/index.php\/wp-json\/wp\/v2\/comments?post=16223"}],"version-history":[{"count":1,"href":"https:\/\/fdnoaxaca.net\/index.php\/wp-json\/wp\/v2\/posts\/16223\/revisions"}],"predecessor-version":[{"id":16225,"href":"https:\/\/fdnoaxaca.net\/index.php\/wp-json\/wp\/v2\/posts\/16223\/revisions\/16225"}],"wp:featuredmedia":[{"embeddable":true,"href":"https:\/\/fdnoaxaca.net\/index.php\/wp-json\/wp\/v2\/media\/16224"}],"wp:attachment":[{"href":"https:\/\/fdnoaxaca.net\/index.php\/wp-json\/wp\/v2\/media?parent=16223"}],"wp:term":[{"taxonomy":"category","embeddable":true,"href":"https:\/\/fdnoaxaca.net\/index.php\/wp-json\/wp\/v2\/categories?post=16223"},{"taxonomy":"post_tag","embeddable":true,"href":"https:\/\/fdnoaxaca.net\/index.php\/wp-json\/wp\/v2\/tags?post=16223"}],"curies":[{"name":"wp","href":"https:\/\/api.w.org\/{rel}","templated":true}]}}