{"id":16261,"date":"2025-03-11T16:51:04","date_gmt":"2025-03-11T21:51:04","guid":{"rendered":"https:\/\/fdnoaxaca.net\/?p=16261"},"modified":"2025-03-11T16:51:07","modified_gmt":"2025-03-11T21:51:07","slug":"detienen-a-un-individuo-acusado-de-feminicidio-en-mitla","status":"publish","type":"post","link":"https:\/\/fdnoaxaca.net\/index.php\/2025\/03\/11\/detienen-a-un-individuo-acusado-de-feminicidio-en-mitla\/","title":{"rendered":"Detienen a un individuo acusado de feminicidio en Mitla\u00a0"},"content":{"rendered":"\n<p>Oaxaca de Ju\u00e1rez, Oax., 11 de marzo de 2025.- Derivado de los trabajos ministeriales, la Fiscal\u00eda General del Estado de\u00a0 Oaxaca (FGEO) ejecut\u00f3 una orden de aprehensi\u00f3n en contra de un hombre identificado como A.E.A.H., por el delito de feminicidio agravado, hechos ocurridos en la regi\u00f3n de Valles Centrales.\u00a0<\/p>\n\n\n\n<p>De acuerdo con el expediente, el crimen ocurri\u00f3 el 1 de marzo de 2025 en el municipio de San Pablo Villa de Mitla, lugar en el que la v\u00edctima fue atacada de manera f\u00edsica con un objeto punzante, lo cual le produjo lesiones que ocasionaron que perdiera la vida.&nbsp;<\/p>\n\n\n\n<p>Tras las indagatorias, la Fiscal\u00eda obtuvo&nbsp; la orden de aprehensi\u00f3n en contra de A.E.A.H., quien fue detenido y qued\u00f3 a disposici\u00f3n de la autoridad judicial que lo requiri\u00f3 para determinar su situaci\u00f3n jur\u00eddica.&nbsp;<\/p>\n","protected":false},"excerpt":{"rendered":"<p>Oaxaca de Ju\u00e1rez, Oax., 11 de marzo de 2025.- Derivado de los trabajos ministeriales, la Fiscal\u00eda General del Estado de\u00a0 Oaxaca (FGEO) ejecut\u00f3 una orden de aprehensi\u00f3n en contra de un hombre identificado como A.E.A.H., por el delito de feminicidio agravado, hechos ocurridos en la regi\u00f3n de Valles Centrales.\u00a0 De acuerdo con el expediente, el&#8230;<\/p>\n","protected":false},"author":4,"featured_media":16262,"comment_status":"closed","ping_status":"closed","sticky":false,"template":"","format":"standard","meta":{"footnotes":""},"categories":[4],"tags":[],"class_list":["post-16261","post","type-post","status-publish","format-standard","has-post-thumbnail","hentry","category-general"],"_links":{"self":[{"href":"https:\/\/fdnoaxaca.net\/index.php\/wp-json\/wp\/v2\/posts\/16261","targetHints":{"allow":["GET"]}}],"collection":[{"href":"https:\/\/fdnoaxaca.net\/index.php\/wp-json\/wp\/v2\/posts"}],"about":[{"href":"https:\/\/fdnoaxaca.net\/index.php\/wp-json\/wp\/v2\/types\/post"}],"author":[{"embeddable":true,"href":"https:\/\/fdnoaxaca.net\/index.php\/wp-json\/wp\/v2\/users\/4"}],"replies":[{"embeddable":true,"href":"https:\/\/fdnoaxaca.net\/index.php\/wp-json\/wp\/v2\/comments?post=16261"}],"version-history":[{"count":1,"href":"https:\/\/fdnoaxaca.net\/index.php\/wp-json\/wp\/v2\/posts\/16261\/revisions"}],"predecessor-version":[{"id":16263,"href":"https:\/\/fdnoaxaca.net\/index.php\/wp-json\/wp\/v2\/posts\/16261\/revisions\/16263"}],"wp:featuredmedia":[{"embeddable":true,"href":"https:\/\/fdnoaxaca.net\/index.php\/wp-json\/wp\/v2\/media\/16262"}],"wp:attachment":[{"href":"https:\/\/fdnoaxaca.net\/index.php\/wp-json\/wp\/v2\/media?parent=16261"}],"wp:term":[{"taxonomy":"category","embeddable":true,"href":"https:\/\/fdnoaxaca.net\/index.php\/wp-json\/wp\/v2\/categories?post=16261"},{"taxonomy":"post_tag","embeddable":true,"href":"https:\/\/fdnoaxaca.net\/index.php\/wp-json\/wp\/v2\/tags?post=16261"}],"curies":[{"name":"wp","href":"https:\/\/api.w.org\/{rel}","templated":true}]}}