{"id":1637,"date":"2019-09-24T15:15:47","date_gmt":"2019-09-24T15:15:47","guid":{"rendered":"http:\/\/fdnoaxaca.net\/?p=1637"},"modified":"2019-09-24T15:15:50","modified_gmt":"2019-09-24T15:15:50","slug":"instala-seccion-22-planton-en-el-senado-por-leyes-secundarias-de-reforma-educativa","status":"publish","type":"post","link":"https:\/\/fdnoaxaca.net\/index.php\/2019\/09\/24\/instala-seccion-22-planton-en-el-senado-por-leyes-secundarias-de-reforma-educativa\/","title":{"rendered":"Instala Secci\u00f3n 22 plant\u00f3n en el Senado por leyes secundarias de reforma educativa"},"content":{"rendered":"\n<p>Ciudad de M\u00e9xico, Mex. 24 de septiembre de 2019.- Profesores de la Secci\u00f3n 22 del Sindicato Nacional de Trabajadores de la Educaci\u00f3n (SNTE) instalaron un plant\u00f3n desde este martes en la sede del Senado en la capital del pa\u00eds, a prop\u00f3sito de la discusi\u00f3n de las leyes secundarias de la reforma educativa. <\/p>\n\n\n\n<p>Como lo acord\u00f3 en su asamblea estatal del fin de semana, una representaci\u00f3n del sindicato magisterial se moviliz\u00f3 a la ciudad de M\u00e9xico y desde la madrugada de este martes instal\u00f3 su campamento en la sede de la c\u00e1mara alta del Poder Legislativo. <\/p>\n\n\n\n<p>Exigen que el contenido de las leyes secundarias contemple sus demandas como Coordinadora Nacional de Trabajadores de la Educaci\u00f3n (CNTE), quienes exigen la contrataci\u00f3n inmediata en el servicio docente sin evaluaci\u00f3n, principalmente. <\/p>\n\n\n\n<p>&#8220;Leyes secundarias con respeto a los derechos laborales y a la educaci\u00f3n p\u00fablica&#8221;, argumenta. <\/p>\n\n\n\n<p>El viernes la C\u00e1mara de Diputados federal aprob\u00f3 en lo general la ley reglamentaria del art\u00edculo tercero constitucional, con lo cual el Poder Legislativo busca regular el sistema nacional en educaci\u00f3n. <\/p>\n\n\n\n<p>Tras la aprobaci\u00f3n con 284 votos a favor y 123 en contra, la C\u00e1mara turn\u00f3 el dictamen al Senado, por lo que la Secci\u00f3n 22 acord\u00f3 mantenerse en movilizaci\u00f3n. <br>\n<\/p>\n","protected":false},"excerpt":{"rendered":"<p>Ciudad de M\u00e9xico, Mex. 24 de septiembre de 2019.- Profesores de la Secci\u00f3n 22 del Sindicato Nacional de Trabajadores de la Educaci\u00f3n (SNTE) instalaron un plant\u00f3n desde este martes en la sede del Senado en la capital del pa\u00eds, a prop\u00f3sito de la discusi\u00f3n de las leyes secundarias de la reforma educativa. Como lo acord\u00f3&#8230;<\/p>\n","protected":false},"author":4,"featured_media":1639,"comment_status":"closed","ping_status":"closed","sticky":false,"template":"","format":"standard","meta":{"footnotes":""},"categories":[49],"tags":[],"class_list":["post-1637","post","type-post","status-publish","format-standard","has-post-thumbnail","hentry","category-titulares"],"_links":{"self":[{"href":"https:\/\/fdnoaxaca.net\/index.php\/wp-json\/wp\/v2\/posts\/1637","targetHints":{"allow":["GET"]}}],"collection":[{"href":"https:\/\/fdnoaxaca.net\/index.php\/wp-json\/wp\/v2\/posts"}],"about":[{"href":"https:\/\/fdnoaxaca.net\/index.php\/wp-json\/wp\/v2\/types\/post"}],"author":[{"embeddable":true,"href":"https:\/\/fdnoaxaca.net\/index.php\/wp-json\/wp\/v2\/users\/4"}],"replies":[{"embeddable":true,"href":"https:\/\/fdnoaxaca.net\/index.php\/wp-json\/wp\/v2\/comments?post=1637"}],"version-history":[{"count":1,"href":"https:\/\/fdnoaxaca.net\/index.php\/wp-json\/wp\/v2\/posts\/1637\/revisions"}],"predecessor-version":[{"id":1640,"href":"https:\/\/fdnoaxaca.net\/index.php\/wp-json\/wp\/v2\/posts\/1637\/revisions\/1640"}],"wp:featuredmedia":[{"embeddable":true,"href":"https:\/\/fdnoaxaca.net\/index.php\/wp-json\/wp\/v2\/media\/1639"}],"wp:attachment":[{"href":"https:\/\/fdnoaxaca.net\/index.php\/wp-json\/wp\/v2\/media?parent=1637"}],"wp:term":[{"taxonomy":"category","embeddable":true,"href":"https:\/\/fdnoaxaca.net\/index.php\/wp-json\/wp\/v2\/categories?post=1637"},{"taxonomy":"post_tag","embeddable":true,"href":"https:\/\/fdnoaxaca.net\/index.php\/wp-json\/wp\/v2\/tags?post=1637"}],"curies":[{"name":"wp","href":"https:\/\/api.w.org\/{rel}","templated":true}]}}