{"id":16499,"date":"2025-04-10T11:31:37","date_gmt":"2025-04-10T16:31:37","guid":{"rendered":"https:\/\/fdnoaxaca.net\/?p=16499"},"modified":"2025-04-10T11:31:38","modified_gmt":"2025-04-10T16:31:38","slug":"sentencian-a-35-anos-de-prision-a-responsable-de-homicidio-de-magistrado","status":"publish","type":"post","link":"https:\/\/fdnoaxaca.net\/index.php\/2025\/04\/10\/sentencian-a-35-anos-de-prision-a-responsable-de-homicidio-de-magistrado\/","title":{"rendered":"Sentencian a 35 a\u00f1os de prisi\u00f3n a responsable de homicidio de magistrado"},"content":{"rendered":"\n<p>* La v\u00edctima identificada como E.P.M., era magistrado del Tribunal Superior de Justicia de Oaxaca, cuando en el 2021 fue asesinado en calles de la colonia Reforma, en la capital del estado.<\/p>\n\n\n\n<p>Oaxaca de Ju\u00e1rez, Oax., 10 de abril de 2025.- Derivado del trabajo de investigaci\u00f3n ministerial que realiza la Fiscal\u00eda General del Estado de Oaxaca (FGEO), se obtuvo una sentencia condenatoria de 35 a\u00f1os de prisi\u00f3n contra un hombre identificado como David Ubaldo M.L., por el delito de homicidio calificado, en agravio del magistrado E.P.M., cometido al norte de la capital oaxaque\u00f1a.&nbsp;<\/p>\n\n\n\n<p>De acuerdo con lo asentado en el expediente penal del caso, los hechos se suscitaron el 13 de septiembre de 2021, cuando la v\u00edctima se dispon\u00eda a abordar su veh\u00edculo, el cual se encontraba en la entrada de su domicilio ubicado en la colonia Reforma, de la ciudad de Oaxaca de Ju\u00e1rez, sitio donde arribaron los agresores, quienes realizaron disparos de arma de fuego en contra del magistrado, caus\u00e1ndole heridas que le provocaron la muerte en dicho lugar.&nbsp;<\/p>\n\n\n\n<p>La Fiscal\u00eda de Oaxaca al tomar conocimiento de los hechos, atrajo el caso e inici\u00f3 las labores ministeriales a trav\u00e9s de la Fiscal\u00eda Especializada en Atenci\u00f3n a Delitos de Alto Impacto, que estableci\u00f3 s\u00f3lidas l\u00edneas de investigaci\u00f3n y logr\u00f3 obtener una orden de aprehensi\u00f3n y posteriormente la detenci\u00f3n de David Ubaldo M.L.<\/p>\n\n\n\n<p>En audiencia y tras el desahogo de pruebas aportadas por la Fiscal\u00eda, el Tribunal de Enjuiciamiento dict\u00f3 sentencia condenatoria de 35 a\u00f1os de prisi\u00f3n contra David Ubaldo M.L., por su responsabilidad en la comisi\u00f3n del delito de homicidio calificado en contra del magistrado E.P.M., adem\u00e1s de imponer el pago de 3 millones 038 mil 350 pesos, por concepto del pago de reparaci\u00f3n del da\u00f1o.<\/p>\n","protected":false},"excerpt":{"rendered":"<p>* La v\u00edctima identificada como E.P.M., era magistrado del Tribunal Superior de Justicia de Oaxaca, cuando en el 2021 fue asesinado en calles de la colonia Reforma, en la capital del estado. Oaxaca de Ju\u00e1rez, Oax., 10 de abril de 2025.- Derivado del trabajo de investigaci\u00f3n ministerial que realiza la Fiscal\u00eda General del Estado de&#8230;<\/p>\n","protected":false},"author":4,"featured_media":16500,"comment_status":"closed","ping_status":"closed","sticky":false,"template":"","format":"standard","meta":{"footnotes":""},"categories":[49],"tags":[],"class_list":["post-16499","post","type-post","status-publish","format-standard","has-post-thumbnail","hentry","category-titulares"],"_links":{"self":[{"href":"https:\/\/fdnoaxaca.net\/index.php\/wp-json\/wp\/v2\/posts\/16499","targetHints":{"allow":["GET"]}}],"collection":[{"href":"https:\/\/fdnoaxaca.net\/index.php\/wp-json\/wp\/v2\/posts"}],"about":[{"href":"https:\/\/fdnoaxaca.net\/index.php\/wp-json\/wp\/v2\/types\/post"}],"author":[{"embeddable":true,"href":"https:\/\/fdnoaxaca.net\/index.php\/wp-json\/wp\/v2\/users\/4"}],"replies":[{"embeddable":true,"href":"https:\/\/fdnoaxaca.net\/index.php\/wp-json\/wp\/v2\/comments?post=16499"}],"version-history":[{"count":1,"href":"https:\/\/fdnoaxaca.net\/index.php\/wp-json\/wp\/v2\/posts\/16499\/revisions"}],"predecessor-version":[{"id":16501,"href":"https:\/\/fdnoaxaca.net\/index.php\/wp-json\/wp\/v2\/posts\/16499\/revisions\/16501"}],"wp:featuredmedia":[{"embeddable":true,"href":"https:\/\/fdnoaxaca.net\/index.php\/wp-json\/wp\/v2\/media\/16500"}],"wp:attachment":[{"href":"https:\/\/fdnoaxaca.net\/index.php\/wp-json\/wp\/v2\/media?parent=16499"}],"wp:term":[{"taxonomy":"category","embeddable":true,"href":"https:\/\/fdnoaxaca.net\/index.php\/wp-json\/wp\/v2\/categories?post=16499"},{"taxonomy":"post_tag","embeddable":true,"href":"https:\/\/fdnoaxaca.net\/index.php\/wp-json\/wp\/v2\/tags?post=16499"}],"curies":[{"name":"wp","href":"https:\/\/api.w.org\/{rel}","templated":true}]}}