{"id":16683,"date":"2025-05-06T12:37:36","date_gmt":"2025-05-06T17:37:36","guid":{"rendered":"https:\/\/fdnoaxaca.net\/?p=16683"},"modified":"2025-05-06T12:37:37","modified_gmt":"2025-05-06T17:37:37","slug":"morena-eleccion-judicial-y-mas-de-lo-mismo","status":"publish","type":"post","link":"https:\/\/fdnoaxaca.net\/index.php\/2025\/05\/06\/morena-eleccion-judicial-y-mas-de-lo-mismo\/","title":{"rendered":"Morena, elecci\u00f3n judicial y m\u00e1s de lo mismo"},"content":{"rendered":"\n<p>Ismael Garc\u00eda M.\/Zona Roja.<\/p>\n\n\n\n<p>Oaxaca, Oax., 6 de mayo de 2025.- Presionaron hasta la saciedad para que se promocionara la elecci\u00f3n judicial pero, en lugar de ganar m\u00e1s adeptos o en su caso mayor difusi\u00f3n, la designaci\u00f3n de ministros, jueces y magistrados federales podr\u00eda terminar en un rotundo fracaso.<\/p>\n\n\n\n<p>Ese es precisamente el temor de Morena por el cual, desde la Presidenta de M\u00e9xico hasta los gobernadores, pasando por senadores y diputados, est\u00e1n ocupados en dar a conocer, incluso por medios oficiales, dicha jornada.<\/p>\n\n\n\n<p>In\u00e9dita, efectivamente, la elecci\u00f3n del Poder Judicial de la Federaci\u00f3n, pues por primera vez en la historia de M\u00e9xico, el \u201cpueblo\u201d elegir\u00e1 \u2014supuestamente\u2014 a ministros, magistrados y jueces, mediante el voto popular.<\/p>\n\n\n\n<p>No obstante, parad\u00f3jicamente este proceso se ha viciado desde el principio, con una serie de errores tanto en el Poder Legislativo federal como en el Instituto Nacional Electoral, que en este espacio ya hemos detallado, y que incluye a candidatos involucrados con grupos delictivos o con antecedentes de violentadores.<\/p>\n\n\n\n<p>A ello se agrega la promoci\u00f3n de carteles, pinta de bardas y lonas llamando a la votaci\u00f3n, con material de color guinda, el color de Morena.<\/p>\n\n\n\n<p>Mientras tanto en el caso de Oaxaca no se habla absolutamente nada de la renovaci\u00f3n de un \u00f3rgano del Poder Judicial del Estado, el Consejo de la Judicatura. Quiz\u00e1 porque los ocupar\u00e1n los cargos ya est\u00e1n designados.<\/p>\n\n\n\n<p>LA AUTORIZACI\u00d3N<\/p>\n\n\n\n<p>Fue el pasado 9 de abril en que en una votaci\u00f3n dividida, tres contra dos, el Tribunal Electoral del Poder Judicial de la Federaci\u00f3n aval\u00f3 que autoridades ajenas a este \u00f3rgano pudieran difundir las elecciones que se efectuar\u00e1n el pr\u00f3ximo 1 de junio.<\/p>\n\n\n\n<p>Pero antes hubo una serie de dudas, reproches y advertencias, sobre las implicaciones de este aval que, entre otras cosas, generar\u00eda la utilizaci\u00f3n de recursos p\u00fablicos para promover a determinados candidatos o candidatas.<\/p>\n\n\n\n<p>En postura oficialista, la presidenta del Tribunal, M\u00f3nica Soto, argument\u00f3: \u201cPareciera que parte de una las propuestas que est\u00e1n present\u00e1ndose hoy, estuviera posicionando esta visi\u00f3n. Habr\u00e1 un proceso electoral\u2026pero no hay que decirlo a nadie. Nadie puede decirlo, s\u00f3lo el INE\u201d.<\/p>\n\n\n\n<p>Mientras que los opositores a dicha medida, como el caso de Janine Ot\u00e1lora y Reyes Rodr\u00edguez, advirtieron que si se permite a integrantes de los tres Poderes de la Uni\u00f3n promover la participaci\u00f3n ciudadana de los comicios se afectar\u00e1 la imparcialidad, sobre todo por el potencial uso de recursos p\u00fablicos.<\/p>\n\n\n\n<p>\u201cSi difunden, habr\u00e1 la percepci\u00f3n de que promueven las candidaturas que aprobaron\u201d, dijo Rodr\u00edguez (\u201cLa Jornada\u201d, 9 de abril de 2025).<\/p>\n\n\n\n<p>El caso es que finalmente fue avalada dicha medida, por lo cual se desat\u00f3 el furor electoral.<\/p>\n\n\n\n<p>PROMOCI\u00d3N MORENISTA<\/p>\n\n\n\n<p>Pero antes de la autorizaci\u00f3n del Tribunal Electoral, la Presidenta de M\u00e9xico, Claudia Sheinbaum, ya hab\u00eda promocionado los comicios en un evento p\u00fablico, y despu\u00e9s precis\u00f3 que no era a favor de alg\u00fan candidato.<\/p>\n\n\n\n<p>Viol\u00f3 la regla electoral impuesta hasta ese momento, aunque de ello nadie reclam\u00f3, salvo algunos opositores al gobierno; finalmente ya todo funcionario de los tres poderes puede difundir, aunque de manera limitada, los comicios.<\/p>\n\n\n\n<p>En tanto que los candidatos s\u00f3lo pueden hacer campa\u00f1as proselitistas en reuniones y difundirlas solamente a trav\u00e9s de las redes sociales, lo que genera un absoluto desconocimiento del proceso y de los perfiles.<\/p>\n\n\n\n<p>El propio gobernador de Oaxaca, Salom\u00f3n Jara, tiene un video que ha difundido en repetidas ocasiones, acerca de la jornada electoral judicial, mientras que diputados locales recorren las comunidades para dar a conocer los comicios.<\/p>\n\n\n\n<p>En tanto que, a\u00fan antes del aval del Tribunal federal, en muchas partes del pa\u00eds, entre ellas Oaxaca, ya hay lonas con mensajes del color de Morena invitando a votar.<\/p>\n\n\n\n<p>Pero nadie sabe con exactitud qu\u00e9 se votar\u00e1, c\u00f3mo se votar\u00e1, cu\u00e1ntas boletas requerir\u00e1, d\u00f3nde se instalar\u00e1n las casillas\u2026 y para que sirve el Poder Judicial.<\/p>\n\n\n\n<p>NADIE VIO LA MANCHA<\/p>\n\n\n\n<p>De entrada, el proceso judicial ya est\u00e1 manchado, no solamente porque es una jornada cuyos resultados ya se conocen con anticipaci\u00f3n, sino adem\u00e1s por la probable participaci\u00f3n del crimen organizado en los comicios.<\/p>\n\n\n\n<p>Apenas el domingo, los representantes del Senado y de la C\u00e1mara de Diputados federal pidieron al INE la cancelaci\u00f3n ni m\u00e1s ni menos que de 26 candidaturas por estar bajo sospechas de tener v\u00ednculos con grupos delictivos.<\/p>\n\n\n\n<p>Sin embargo, la selecci\u00f3n pas\u00f3 precisamente por esos \u00f3rganos legislativos y nadie se dio cuenta de ello o nadie quiso darse cuenta, sino hasta que los medios de comunicaci\u00f3n detallaron, con nombre y apellido, a los posibles se\u00f1alados.<\/p>\n\n\n\n<p>\u201cDe no cancelar los registros de dichas candidaturas, se comprometer\u00eda gravemente la funci\u00f3n jurisdiccional al concretarse posibles conflictos de inter\u00e9s y evidente idoneidad para desempe\u00f1ar los cargos judiciales de elecci\u00f3n popular\u201d, advierten los documentos entregados este domingo.<\/p>\n\n\n\n<p>Pero la sombra de la duda y la sospecha, ya est\u00e1 sembrada; dudas que, como anticipamos, generar\u00e1n un alt\u00edsimo porcentaje de abstenci\u00f3n\u2026 que permitir\u00e1 a Morena imponer a sus candidatos libremente.<\/p>\n","protected":false},"excerpt":{"rendered":"<p>Ismael Garc\u00eda M.\/Zona Roja. Oaxaca, Oax., 6 de mayo de 2025.- Presionaron hasta la saciedad para que se promocionara la elecci\u00f3n judicial pero, en lugar de ganar m\u00e1s adeptos o en su caso mayor difusi\u00f3n, la designaci\u00f3n de ministros, jueces y magistrados federales podr\u00eda terminar en un rotundo fracaso. Ese es precisamente el temor de&#8230;<\/p>\n","protected":false},"author":4,"featured_media":16684,"comment_status":"closed","ping_status":"closed","sticky":false,"template":"","format":"standard","meta":{"footnotes":""},"categories":[51],"tags":[],"class_list":["post-16683","post","type-post","status-publish","format-standard","has-post-thumbnail","hentry","category-perspectiva"],"_links":{"self":[{"href":"https:\/\/fdnoaxaca.net\/index.php\/wp-json\/wp\/v2\/posts\/16683","targetHints":{"allow":["GET"]}}],"collection":[{"href":"https:\/\/fdnoaxaca.net\/index.php\/wp-json\/wp\/v2\/posts"}],"about":[{"href":"https:\/\/fdnoaxaca.net\/index.php\/wp-json\/wp\/v2\/types\/post"}],"author":[{"embeddable":true,"href":"https:\/\/fdnoaxaca.net\/index.php\/wp-json\/wp\/v2\/users\/4"}],"replies":[{"embeddable":true,"href":"https:\/\/fdnoaxaca.net\/index.php\/wp-json\/wp\/v2\/comments?post=16683"}],"version-history":[{"count":1,"href":"https:\/\/fdnoaxaca.net\/index.php\/wp-json\/wp\/v2\/posts\/16683\/revisions"}],"predecessor-version":[{"id":16685,"href":"https:\/\/fdnoaxaca.net\/index.php\/wp-json\/wp\/v2\/posts\/16683\/revisions\/16685"}],"wp:featuredmedia":[{"embeddable":true,"href":"https:\/\/fdnoaxaca.net\/index.php\/wp-json\/wp\/v2\/media\/16684"}],"wp:attachment":[{"href":"https:\/\/fdnoaxaca.net\/index.php\/wp-json\/wp\/v2\/media?parent=16683"}],"wp:term":[{"taxonomy":"category","embeddable":true,"href":"https:\/\/fdnoaxaca.net\/index.php\/wp-json\/wp\/v2\/categories?post=16683"},{"taxonomy":"post_tag","embeddable":true,"href":"https:\/\/fdnoaxaca.net\/index.php\/wp-json\/wp\/v2\/tags?post=16683"}],"curies":[{"name":"wp","href":"https:\/\/api.w.org\/{rel}","templated":true}]}}