{"id":1701,"date":"2019-10-01T20:28:39","date_gmt":"2019-10-01T20:28:39","guid":{"rendered":"http:\/\/fdnoaxaca.net\/?p=1701"},"modified":"2019-10-01T20:28:42","modified_gmt":"2019-10-01T20:28:42","slug":"realizara-congreso-foro-sobre-ley-de-consulta-indigena","status":"publish","type":"post","link":"https:\/\/fdnoaxaca.net\/index.php\/2019\/10\/01\/realizara-congreso-foro-sobre-ley-de-consulta-indigena\/","title":{"rendered":"Realizar\u00e1 Congreso foro sobre ley de consulta ind\u00edgena"},"content":{"rendered":"\n<p>San Raymundo Jalpan, Oax. 1 de octubre de 2019.- El Congreso del Estado llevar\u00e1 a cabo un foro estatal de consulta del protocolo para la elaboraci\u00f3n de la ley de consulta previa, libre e informada para los &nbsp;pueblos ind\u00edgenas y afromexicanos del estado de Oaxaca .&nbsp;<\/p>\n\n\n\n<p>A &nbsp;fin de garantizar la participaci\u00f3n de los pueblos, comunidades ind\u00edgenas y afromexicanas de la entidad, &nbsp;a trav\u00e9s de un proceso de consulta que permita construir una ley, culturalmente adecuada y pertinente a las necesidades y aspiraciones de su libre determinaci\u00f3n.<br>La Legislatura, por conducto de las &nbsp;Comisiones Permanentes de Asuntos Ind\u00edgenas, Migraci\u00f3n, de Democracia y Participaci\u00f3n Ciudadana de Administraci\u00f3n y Procuraci\u00f3n de Justicia, y Derechos Humanos, realizar\u00e1n el foro estatal de consulta ind\u00edgena.&nbsp;<\/p>\n\n\n\n<p>Se espera la participaci\u00f3n de autoridades municipales, comunitarias, tradicionales, n\u00facleos agrarios, representantes de sociedades de producci\u00f3n, organizaciones sociales, asociaciones civiles, as\u00ed como ciudadanos pertenecientes a comunidades ind\u00edgenas.<\/p>\n\n\n\n<p>Las actividades a realizar durante este foro son: una reuni\u00f3n general para presentar el protocolo, grupos de trabajo, para el an\u00e1lisis, discusi\u00f3n y recepci\u00f3n de propuestas y la sesi\u00f3n plenaria para tomar acuerdos y validaci\u00f3n del protocolo.&nbsp;<\/p>\n\n\n\n<p>El foro estatal de Consulta se llevar\u00e1 a cabo el pr\u00f3ximo lunes 14 de octubre de 2019, de 08:00 de la ma\u00f1ana a 05:00 de la tarde en el Centro Cultural y de Convenciones Oaxaca, ubicado en avenida L\u00e1zaro C\u00e1rdenas n\u00famero 103 en el municipio de Santa Luc\u00eda del Camino, Oaxaca .&nbsp;<\/p>\n\n\n\n<p>La actividad se realizar\u00e1 con fundamento en los art\u00edculos 1\u00b0, 2\u00b0 y 133 de la Constituci\u00f3n Pol\u00edtica de los Estados Unidos Mexicanos, 16 y 59, Fracciones LXXI y LXXII de la Constituci\u00f3n Pol\u00edtica del Estado Libre y Soberano de Oaxaca; 65 de la ley org\u00e1nica del Poder Legislativo &nbsp;del Estado Libre y Soberano de Oaxaca; 42 del &nbsp;Reglamento Interior del Congreso del Estado Libre y Soberano de Oaxaca, que establecen que la consulta, libre, previa, informada y de buena fe es un derecho fundamental de los pueblos ind\u00edgenas y afromexicanos en el ejercicio de su libre determinaci\u00f3n.<\/p>\n","protected":false},"excerpt":{"rendered":"<p>San Raymundo Jalpan, Oax. 1 de octubre de 2019.- El Congreso del Estado llevar\u00e1 a cabo un foro estatal de consulta del protocolo para la elaboraci\u00f3n de la ley de consulta previa, libre e informada para los &nbsp;pueblos ind\u00edgenas y afromexicanos del estado de Oaxaca .&nbsp; A &nbsp;fin de garantizar la participaci\u00f3n de los pueblos,&#8230;<\/p>\n","protected":false},"author":4,"featured_media":1702,"comment_status":"closed","ping_status":"closed","sticky":false,"template":"","format":"standard","meta":{"footnotes":""},"categories":[4],"tags":[],"class_list":["post-1701","post","type-post","status-publish","format-standard","has-post-thumbnail","hentry","category-general"],"_links":{"self":[{"href":"https:\/\/fdnoaxaca.net\/index.php\/wp-json\/wp\/v2\/posts\/1701","targetHints":{"allow":["GET"]}}],"collection":[{"href":"https:\/\/fdnoaxaca.net\/index.php\/wp-json\/wp\/v2\/posts"}],"about":[{"href":"https:\/\/fdnoaxaca.net\/index.php\/wp-json\/wp\/v2\/types\/post"}],"author":[{"embeddable":true,"href":"https:\/\/fdnoaxaca.net\/index.php\/wp-json\/wp\/v2\/users\/4"}],"replies":[{"embeddable":true,"href":"https:\/\/fdnoaxaca.net\/index.php\/wp-json\/wp\/v2\/comments?post=1701"}],"version-history":[{"count":1,"href":"https:\/\/fdnoaxaca.net\/index.php\/wp-json\/wp\/v2\/posts\/1701\/revisions"}],"predecessor-version":[{"id":1703,"href":"https:\/\/fdnoaxaca.net\/index.php\/wp-json\/wp\/v2\/posts\/1701\/revisions\/1703"}],"wp:featuredmedia":[{"embeddable":true,"href":"https:\/\/fdnoaxaca.net\/index.php\/wp-json\/wp\/v2\/media\/1702"}],"wp:attachment":[{"href":"https:\/\/fdnoaxaca.net\/index.php\/wp-json\/wp\/v2\/media?parent=1701"}],"wp:term":[{"taxonomy":"category","embeddable":true,"href":"https:\/\/fdnoaxaca.net\/index.php\/wp-json\/wp\/v2\/categories?post=1701"},{"taxonomy":"post_tag","embeddable":true,"href":"https:\/\/fdnoaxaca.net\/index.php\/wp-json\/wp\/v2\/tags?post=1701"}],"curies":[{"name":"wp","href":"https:\/\/api.w.org\/{rel}","templated":true}]}}