{"id":17079,"date":"2025-07-31T15:39:51","date_gmt":"2025-07-31T20:39:51","guid":{"rendered":"https:\/\/fdnoaxaca.net\/?p=17079"},"modified":"2025-07-31T15:39:52","modified_gmt":"2025-07-31T20:39:52","slug":"inauguran-en-la-ciudad-de-oaxaca-centro-para-mujeres-en-situacion-de-violencia","status":"publish","type":"post","link":"https:\/\/fdnoaxaca.net\/index.php\/2025\/07\/31\/inauguran-en-la-ciudad-de-oaxaca-centro-para-mujeres-en-situacion-de-violencia\/","title":{"rendered":"Inauguran en la ciudad de Oaxaca centro para mujeres en situaci\u00f3n de violencia"},"content":{"rendered":"\n<p>\u2022La nueva sede, ubicada en San Mart\u00edn Mexicapam, ofrecer\u00e1 atenci\u00f3n integral gratuita en una de las zonas con mayor incidencia de agresiones de g\u00e9nero.<\/p>\n\n\n\n<p>Oaxaca de Ju\u00e1rez, Oax., 31 de julio de 2025.- El Centro Libre para las Mujeres fue inaugurado este jueves en la agencia municipal de San Mart\u00edn Mexicapam, en la ciudad de Oaxaca.<\/p>\n\n\n\n<p>El gobierno municipal inform\u00f3 que se busca que sea un espacio seguro, gratuito y con servicios especializados para mujeres que enfrentan distintos tipos de violencia.<\/p>\n\n\n\n<p>El corte de list\u00f3n fue encabezado por el presidente municipal Ray Chagoya, el gobernador Salom\u00f3n Jara Cruz y la secretaria de las Mujeres del Gobierno de M\u00e9xico, Citlalli Hern\u00e1ndez Mora, quienes aseguraron que este centro no es solo un lugar f\u00edsico, sino una apuesta urgente por la vida y la dignidad de las oaxaque\u00f1as.<\/p>\n\n\n\n<p>\u201cEl acceso a una vida libre de violencia debe ser una realidad, no una aspiraci\u00f3n\u201d, expres\u00f3 Ray Chagoya, al destacar que el centro nace con un enfoque territorial y de justicia social, en una zona hist\u00f3ricamente marginada donde muchas mujeres enfrentan la violencia en silencio o sin acceso a acompa\u00f1amiento.<\/p>\n\n\n\n<p>Este espacio se integra al Programa de Atenci\u00f3n para el Bienestar de las Mujeres (PAIBIM) 2025, y se inscribe en la respuesta estatal y federal ante la Alerta por Violencia de G\u00e9nero que pesa sobre el municipio capitalino desde 2018.&nbsp;<\/p>\n\n\n\n<p>Brindar\u00e1 atenci\u00f3n psicol\u00f3gica, asesor\u00eda jur\u00eddica, atenci\u00f3n m\u00e9dica y redes de apoyo con perspectiva de g\u00e9nero.<\/p>\n","protected":false},"excerpt":{"rendered":"<p>\u2022La nueva sede, ubicada en San Mart\u00edn Mexicapam, ofrecer\u00e1 atenci\u00f3n integral gratuita en una de las zonas con mayor incidencia de agresiones de g\u00e9nero. Oaxaca de Ju\u00e1rez, Oax., 31 de julio de 2025.- El Centro Libre para las Mujeres fue inaugurado este jueves en la agencia municipal de San Mart\u00edn Mexicapam, en la ciudad de&#8230;<\/p>\n","protected":false},"author":4,"featured_media":17080,"comment_status":"closed","ping_status":"closed","sticky":false,"template":"","format":"standard","meta":{"footnotes":""},"categories":[4],"tags":[],"class_list":["post-17079","post","type-post","status-publish","format-standard","has-post-thumbnail","hentry","category-general"],"_links":{"self":[{"href":"https:\/\/fdnoaxaca.net\/index.php\/wp-json\/wp\/v2\/posts\/17079","targetHints":{"allow":["GET"]}}],"collection":[{"href":"https:\/\/fdnoaxaca.net\/index.php\/wp-json\/wp\/v2\/posts"}],"about":[{"href":"https:\/\/fdnoaxaca.net\/index.php\/wp-json\/wp\/v2\/types\/post"}],"author":[{"embeddable":true,"href":"https:\/\/fdnoaxaca.net\/index.php\/wp-json\/wp\/v2\/users\/4"}],"replies":[{"embeddable":true,"href":"https:\/\/fdnoaxaca.net\/index.php\/wp-json\/wp\/v2\/comments?post=17079"}],"version-history":[{"count":1,"href":"https:\/\/fdnoaxaca.net\/index.php\/wp-json\/wp\/v2\/posts\/17079\/revisions"}],"predecessor-version":[{"id":17081,"href":"https:\/\/fdnoaxaca.net\/index.php\/wp-json\/wp\/v2\/posts\/17079\/revisions\/17081"}],"wp:featuredmedia":[{"embeddable":true,"href":"https:\/\/fdnoaxaca.net\/index.php\/wp-json\/wp\/v2\/media\/17080"}],"wp:attachment":[{"href":"https:\/\/fdnoaxaca.net\/index.php\/wp-json\/wp\/v2\/media?parent=17079"}],"wp:term":[{"taxonomy":"category","embeddable":true,"href":"https:\/\/fdnoaxaca.net\/index.php\/wp-json\/wp\/v2\/categories?post=17079"},{"taxonomy":"post_tag","embeddable":true,"href":"https:\/\/fdnoaxaca.net\/index.php\/wp-json\/wp\/v2\/tags?post=17079"}],"curies":[{"name":"wp","href":"https:\/\/api.w.org\/{rel}","templated":true}]}}