{"id":17188,"date":"2025-08-25T15:48:45","date_gmt":"2025-08-25T20:48:45","guid":{"rendered":"https:\/\/fdnoaxaca.net\/?p=17188"},"modified":"2025-08-25T15:48:47","modified_gmt":"2025-08-25T20:48:47","slug":"discrepancia-en-oaxaca-no-todas-las-escuelas-con-docentes-de-la-seccion-22-acataron-calendario-alternativo","status":"publish","type":"post","link":"https:\/\/fdnoaxaca.net\/index.php\/2025\/08\/25\/discrepancia-en-oaxaca-no-todas-las-escuelas-con-docentes-de-la-seccion-22-acataron-calendario-alternativo\/","title":{"rendered":"Discrepancia en Oaxaca: No todas las escuelas con docentes de la Secci\u00f3n 22 acataron calendario alternativo\u00a0"},"content":{"rendered":"\n<p>Lizbeth Flores Barrera&nbsp;<\/p>\n\n\n\n<p>Oaxaca, Oax., 25 de agosto de 2025.- Pese a que el calendario alternativo de la Secci\u00f3n 22 del Sindicato Nacional de Trabajadores de la Educaci\u00f3n (SNTE), establece el 25 de agosto como el inicio del nuevo ciclo escolar en Oaxaca, la mayor\u00eda de instituciones p\u00fablicas del nivel b\u00e1sico lo har\u00e1 el 1 de septiembre conforme a lo estipulado por la Secretar\u00eda de Educaci\u00f3n P\u00fablica (SEP).<\/p>\n\n\n\n<p>Contrario al calendario oficial emitido por la SEP, el sindicato magisterial determin\u00f3 que el a\u00f1o escolar 2025-2026 iniciara este lunes como parte de sus fundamentos en el llamado Plan para la Transformaci\u00f3n de la Educaci\u00f3n de Oaxaca (PTEO).&nbsp;<\/p>\n\n\n\n<p>Sin embargo, en la mayor\u00eda de escuelas p\u00fablicas de Oaxaca, y aunque la plantilla est\u00e1 integrada por docentes de la Secci\u00f3n 22, el periodo vacacional a\u00fan contin\u00faa y se prev\u00e9 el comienzo de las clases a partir del pr\u00f3ximo lunes 1 de septiembre.<\/p>\n\n\n\n<figure class=\"wp-block-embed is-type-rich is-provider-twitter wp-block-embed-twitter\"><div class=\"wp-block-embed__wrapper\">\n<blockquote class=\"twitter-tweet\" data-width=\"550\" data-dnt=\"true\"><p lang=\"es\" dir=\"ltr\">Aunque <a href=\"https:\/\/twitter.com\/Seccion22Cencos?ref_src=twsrc%5Etfw\">@Seccion22Cencos<\/a> anunci\u00f3 su propio calendario escolar que iniciar\u00edan clases este 25 de agosto, en diversas escuelas de <a href=\"https:\/\/twitter.com\/hashtag\/Oaxaca?src=hash&amp;ref_src=twsrc%5Etfw\">#Oaxaca<\/a> del nivel b\u00e1sico contin\u00faa el periodo vacacional y comenzar\u00e1n el nuevo ciclo escolar el 1 de septiembre, como lo determin\u00f3 la <a href=\"https:\/\/twitter.com\/SEP_mx?ref_src=twsrc%5Etfw\">@SEP_mx<\/a> <a href=\"https:\/\/t.co\/xRMyu8Td9g\">pic.twitter.com\/xRMyu8Td9g<\/a><\/p>&mdash; FDN Oaxaca (@FDN_Oaxaca) <a href=\"https:\/\/twitter.com\/FDN_Oaxaca\/status\/1959991599095849137?ref_src=twsrc%5Etfw\">August 25, 2025<\/a><\/blockquote><script async src=\"https:\/\/platform.twitter.com\/widgets.js\" charset=\"utf-8\"><\/script>\n<\/div><\/figure>\n\n\n\n\n\n<p>En un recorrido hecho por los planteles de preescolar, primaria y secundaria de municipios conurbanos a la ciudad de Oaxaca, como Atzompa y San Jacinto Amilpas, se observ\u00f3 que estos a\u00fan est\u00e1n cerrados por las vacaciones y sin mantenimiento, previo al inicio de las clases.<\/p>\n\n\n\n<figure class=\"wp-block-embed is-type-rich is-provider-twitter wp-block-embed-twitter\"><div class=\"wp-block-embed__wrapper\">\n<blockquote class=\"twitter-tweet\" data-width=\"550\" data-dnt=\"true\"><p lang=\"es\" dir=\"ltr\">En escuelas del nivel b\u00e1sico ubicadas en San Jacinto Amilpas, municipio conurbano a la ciudad de <a href=\"https:\/\/twitter.com\/hashtag\/Oaxaca?src=hash&amp;ref_src=twsrc%5Etfw\">#Oaxaca<\/a>, tambi\u00e9n comenzar\u00e1n el nuevo ciclo escolar el 1 de septiembre, de acuerdo con el calendario escolar de la SEP. <a href=\"https:\/\/twitter.com\/hashtag\/TwitterOax?src=hash&amp;ref_src=twsrc%5Etfw\">#TwitterOax<\/a> <a href=\"https:\/\/t.co\/ueFbw0Wllg\">pic.twitter.com\/ueFbw0Wllg<\/a><\/p>&mdash; FDN Oaxaca (@FDN_Oaxaca) <a href=\"https:\/\/twitter.com\/FDN_Oaxaca\/status\/1959995037284172006?ref_src=twsrc%5Etfw\">August 25, 2025<\/a><\/blockquote><script async src=\"https:\/\/platform.twitter.com\/widgets.js\" charset=\"utf-8\"><\/script>\n<\/div><\/figure>\n\n\n\n<p>Lo mismo sucede en otros municipios al interior del estado, como en Huajuapan, en la regi\u00f3n de la Mixteca, donde las vacaciones a\u00fan contin\u00faan para los estudiantes del nivel b\u00e1sico.<\/p>\n\n\n\n<p>No obstante, en el preescolar &#8220;Juan Escutia&#8221; ubicado en Nochixtl\u00e1n, municipio de la regi\u00f3n de la Mixteca, la Secci\u00f3n 22 apertur\u00f3 el nuevo ciclo escolar.<\/p>\n\n\n\n<p>Al presidir el acto c\u00edvico, la dirigente del sindicato, Yenny Aracely P\u00e9rez Mart\u00ednez, justific\u00f3 el calendario alternativo del magisterio y asegur\u00f3 que la elecci\u00f3n del jard\u00edn de ni\u00f1os Juan Escutia para la apertura del ciclo escolar, es para denunciar desde all\u00ed las carencias de infraestructura educativa.<\/p>\n\n\n\n<p>&#8220;Con esto queremos externar entonces que a nivel estatal, hay una gran necesidad de infraestructura en nuestras escuelas, que no todo ha sido resuelto con los programas que han impulsado desde el gobierno federal, que hay carencias y aqu\u00ed (preescolar Juan Escutia&#8221;, es una muestra clara de que no hay instituci\u00f3n que cuente con las aulas y con los servicios, o cada espacio que requieren nuestros ni\u00f1os&#8221;, se\u00f1al\u00f3.<\/p>\n\n\n\n<figure class=\"wp-block-embed is-type-rich is-provider-twitter wp-block-embed-twitter\"><div class=\"wp-block-embed__wrapper\">\n<blockquote class=\"twitter-tweet\" data-width=\"550\" data-dnt=\"true\"><p lang=\"es\" dir=\"ltr\">En el preescolar &quot;Juan Escutia&quot;, en <a href=\"https:\/\/twitter.com\/hashtag\/Nochixtl%C3%A1n?src=hash&amp;ref_src=twsrc%5Etfw\">#Nochixtl\u00e1n<\/a>, Secci\u00f3n 22 inicia el nuevo ciclo escolar, con base a su calendario contrario al de la SEP.<br>Su dirigente, Yenny P\u00e9rez, denunci\u00f3 las carencias de infraestructura en algunos planteles educativos de <a href=\"https:\/\/twitter.com\/hashtag\/Oaxaca?src=hash&amp;ref_src=twsrc%5Etfw\">#Oaxaca<\/a>. <a href=\"https:\/\/t.co\/J6Ijo7TgB9\">pic.twitter.com\/J6Ijo7TgB9<\/a><\/p>&mdash; FDN Oaxaca (@FDN_Oaxaca) <a href=\"https:\/\/twitter.com\/FDN_Oaxaca\/status\/1960036128838361310?ref_src=twsrc%5Etfw\">August 25, 2025<\/a><\/blockquote><script async src=\"https:\/\/platform.twitter.com\/widgets.js\" charset=\"utf-8\"><\/script>\n<\/div><\/figure>\n\n\n\n<p>En Oaxaca existen 11 mil 622 escuelas p\u00fablicas de educaci\u00f3n b\u00e1sica.&nbsp;<\/p>\n\n\n\n<p>Y el calendario de la SEP establece para este a\u00f1o el inicio del nuevo ciclo escolar el 1 de septiembre de 2025, y su fin el 15 de julio de 2026.<\/p>\n","protected":false},"excerpt":{"rendered":"<p>Lizbeth Flores Barrera&nbsp; Oaxaca, Oax., 25 de agosto de 2025.- Pese a que el calendario alternativo de la Secci\u00f3n 22 del Sindicato Nacional de Trabajadores de la Educaci\u00f3n (SNTE), establece el 25 de agosto como el inicio del nuevo ciclo escolar en Oaxaca, la mayor\u00eda de instituciones p\u00fablicas del nivel b\u00e1sico lo har\u00e1 el 1&#8230;<\/p>\n","protected":false},"author":4,"featured_media":17189,"comment_status":"closed","ping_status":"closed","sticky":false,"template":"","format":"standard","meta":{"footnotes":""},"categories":[49],"tags":[],"class_list":["post-17188","post","type-post","status-publish","format-standard","has-post-thumbnail","hentry","category-titulares"],"_links":{"self":[{"href":"https:\/\/fdnoaxaca.net\/index.php\/wp-json\/wp\/v2\/posts\/17188","targetHints":{"allow":["GET"]}}],"collection":[{"href":"https:\/\/fdnoaxaca.net\/index.php\/wp-json\/wp\/v2\/posts"}],"about":[{"href":"https:\/\/fdnoaxaca.net\/index.php\/wp-json\/wp\/v2\/types\/post"}],"author":[{"embeddable":true,"href":"https:\/\/fdnoaxaca.net\/index.php\/wp-json\/wp\/v2\/users\/4"}],"replies":[{"embeddable":true,"href":"https:\/\/fdnoaxaca.net\/index.php\/wp-json\/wp\/v2\/comments?post=17188"}],"version-history":[{"count":1,"href":"https:\/\/fdnoaxaca.net\/index.php\/wp-json\/wp\/v2\/posts\/17188\/revisions"}],"predecessor-version":[{"id":17190,"href":"https:\/\/fdnoaxaca.net\/index.php\/wp-json\/wp\/v2\/posts\/17188\/revisions\/17190"}],"wp:featuredmedia":[{"embeddable":true,"href":"https:\/\/fdnoaxaca.net\/index.php\/wp-json\/wp\/v2\/media\/17189"}],"wp:attachment":[{"href":"https:\/\/fdnoaxaca.net\/index.php\/wp-json\/wp\/v2\/media?parent=17188"}],"wp:term":[{"taxonomy":"category","embeddable":true,"href":"https:\/\/fdnoaxaca.net\/index.php\/wp-json\/wp\/v2\/categories?post=17188"},{"taxonomy":"post_tag","embeddable":true,"href":"https:\/\/fdnoaxaca.net\/index.php\/wp-json\/wp\/v2\/tags?post=17188"}],"curies":[{"name":"wp","href":"https:\/\/api.w.org\/{rel}","templated":true}]}}