{"id":17326,"date":"2025-09-09T11:44:38","date_gmt":"2025-09-09T16:44:38","guid":{"rendered":"https:\/\/fdnoaxaca.net\/?p=17326"},"modified":"2025-09-09T11:46:08","modified_gmt":"2025-09-09T16:46:08","slug":"recibe-el-senado-de-la-republica-el-paquete-economico-2026","status":"publish","type":"post","link":"https:\/\/fdnoaxaca.net\/index.php\/2025\/09\/09\/recibe-el-senado-de-la-republica-el-paquete-economico-2026\/","title":{"rendered":"Recibe el Senado de la Rep\u00fablica el Paquete Econ\u00f3mico 2026"},"content":{"rendered":"\n<p>Proyectan ingresos de 8.7 billones de pesos a trav\u00e9s de recaudaci\u00f3n de impuestos<br>\u00a0<br>Ciudad de M\u00e9xico, Mx., 9 de septiembre de 2025.- La presidente del Senado de la Rep\u00fablica, Laura Itzel Castillo Ju\u00e1rez, recibi\u00f3 del titular de la Secretar\u00eda de Hacienda y Cr\u00e9dito P\u00fablico (SHCP), \u00c9dgar Amador Zamora, el Paquete Econ\u00f3mico 2026.<\/p>\n\n\n\n<p>Adem\u00e1s de la iniciativa de la Ley de Ingresos y el Proyecto de Presupuesto de Egresos de la Federaci\u00f3n, el paquete incluye las iniciativas con proyecto de decreto por el que se reforman, adicionan y derogan diversas disposiciones de la Ley de Derechos, la Ley del Impuesto Especial Sobre Producci\u00f3n y Servicios y del C\u00f3digo Fiscal de la Federaci\u00f3n.<\/p>\n\n\n\n<p>La senadora Laura Itzel Castillo Ju\u00e1rez destac\u00f3 que este acto marca el inicio del an\u00e1lisis legislativo responsable y plural sobre la pol\u00edtica econ\u00f3mica del pa\u00eds para el pr\u00f3ximo a\u00f1o.<\/p>\n\n\n\n<p>Castillo Ju\u00e1rez agreg\u00f3 que los legisladores se enfocar\u00e1n en generar las condiciones legales necesarias para respaldar la pol\u00edtica hacendaria de la presidente Claudia Sheinbaum Pardo.<\/p>\n\n\n\n<p>Por su parte, el titular de la SHCP,&nbsp;\u00c9dgar Amador&nbsp;Zamora, precis\u00f3 que para el a\u00f1o 2026 \u201cse prev\u00e9n ingresos totales por 8.7 billones de pesos, con la recaudaci\u00f3n tributaria como eje central, ello significa que el presupuesto se financiar\u00e1, principalmente, a trav\u00e9s de un sistema moderno y eficiente que ampl\u00eda la base de contribuyentes y fortalece la capacidad recaudatoria\u201d.<\/p>\n\n\n\n<p>Agreg\u00f3 que se proyecta un crecimiento real de 5.7 por ciento en la recaudaci\u00f3n respecto a 2025, lo que llevar\u00e1 a los ingresos tributarios con un m\u00e1ximo hist\u00f3rico de 15.1 por ciento del PIB.<\/p>\n\n\n\n<p>\u201cEste resultado ser\u00e1 posible gracias a la modernizaci\u00f3n del marco fiscal y el fortalecimiento del sistema de administraci\u00f3n tributaria, apoyado en nuevas herramientas digitales y tecnol\u00f3gicas, que simplifican tr\u00e1mites, facilitan el cumplimiento y la fiscalizaci\u00f3n\u201d, agreg\u00f3. &nbsp;&nbsp;<\/p>\n\n\n\n<p>Entre las medidas propuestas destacan que no ser\u00e1n deducibles las cuotas pagadas al IPAB por parte de las instituciones de la banca m\u00faltiple, destinados al pago de los pasivos del FOBAPROA.<\/p>\n\n\n\n<p>En la ceremonia de recepci\u00f3n estuvieron la subsecretaria de Hacienda y Cr\u00e9dito P\u00fablico, Mar\u00eda del Carmen Bonilla Rodr\u00edguez; el subsecretario de Ingresos, Carlos Gabriel Lerma Cotera; el titular del SAT, Antonio Mart\u00ednez Dagnino; y la Procurador Fiscal de la Federaci\u00f3n, Grisel Galeano Garc\u00eda, as\u00ed como integrantes de la Mesa Directiva y de las comisiones de Econom\u00eda y Hacienda y Cr\u00e9dito P\u00fablico.<\/p>\n","protected":false},"excerpt":{"rendered":"<p>Proyectan ingresos de 8.7 billones de pesos a trav\u00e9s de recaudaci\u00f3n de impuestos\u00a0Ciudad de M\u00e9xico, Mx., 9 de septiembre de 2025.- La presidente del Senado de la Rep\u00fablica, Laura Itzel Castillo Ju\u00e1rez, recibi\u00f3 del titular de la Secretar\u00eda de Hacienda y Cr\u00e9dito P\u00fablico (SHCP), \u00c9dgar Amador Zamora, el Paquete Econ\u00f3mico 2026. Adem\u00e1s de la iniciativa&#8230;<\/p>\n","protected":false},"author":4,"featured_media":17327,"comment_status":"closed","ping_status":"closed","sticky":false,"template":"","format":"standard","meta":{"footnotes":""},"categories":[56,49],"tags":[],"class_list":["post-17326","post","type-post","status-publish","format-standard","has-post-thumbnail","hentry","category-nacional","category-titulares"],"_links":{"self":[{"href":"https:\/\/fdnoaxaca.net\/index.php\/wp-json\/wp\/v2\/posts\/17326","targetHints":{"allow":["GET"]}}],"collection":[{"href":"https:\/\/fdnoaxaca.net\/index.php\/wp-json\/wp\/v2\/posts"}],"about":[{"href":"https:\/\/fdnoaxaca.net\/index.php\/wp-json\/wp\/v2\/types\/post"}],"author":[{"embeddable":true,"href":"https:\/\/fdnoaxaca.net\/index.php\/wp-json\/wp\/v2\/users\/4"}],"replies":[{"embeddable":true,"href":"https:\/\/fdnoaxaca.net\/index.php\/wp-json\/wp\/v2\/comments?post=17326"}],"version-history":[{"count":1,"href":"https:\/\/fdnoaxaca.net\/index.php\/wp-json\/wp\/v2\/posts\/17326\/revisions"}],"predecessor-version":[{"id":17328,"href":"https:\/\/fdnoaxaca.net\/index.php\/wp-json\/wp\/v2\/posts\/17326\/revisions\/17328"}],"wp:featuredmedia":[{"embeddable":true,"href":"https:\/\/fdnoaxaca.net\/index.php\/wp-json\/wp\/v2\/media\/17327"}],"wp:attachment":[{"href":"https:\/\/fdnoaxaca.net\/index.php\/wp-json\/wp\/v2\/media?parent=17326"}],"wp:term":[{"taxonomy":"category","embeddable":true,"href":"https:\/\/fdnoaxaca.net\/index.php\/wp-json\/wp\/v2\/categories?post=17326"},{"taxonomy":"post_tag","embeddable":true,"href":"https:\/\/fdnoaxaca.net\/index.php\/wp-json\/wp\/v2\/tags?post=17326"}],"curies":[{"name":"wp","href":"https:\/\/api.w.org\/{rel}","templated":true}]}}