{"id":17335,"date":"2025-09-10T00:34:28","date_gmt":"2025-09-10T05:34:28","guid":{"rendered":"https:\/\/fdnoaxaca.net\/?p=17335"},"modified":"2025-09-10T00:34:31","modified_gmt":"2025-09-10T05:34:31","slug":"asesinan-a-exfuncionario-estatal-en-san-jacinto-amilpas","status":"publish","type":"post","link":"https:\/\/fdnoaxaca.net\/index.php\/2025\/09\/10\/asesinan-a-exfuncionario-estatal-en-san-jacinto-amilpas\/","title":{"rendered":"Asesinan a exfuncionario estatal en San Jacinto Amilpas\u00a0"},"content":{"rendered":"\n<p>Oaxaca, Oax., 10 de septiembre de 2025.- El extrabajador de la Secretar\u00eda de Movilidad de Oaxaca, identificado como G. S.R., fue asesinado a balazos la ma\u00f1ana de este martes mientras conduc\u00eda un autom\u00f3vil.<\/p>\n\n\n\n<p>El crimen ocurri\u00f3 en la colonia Azteca, de San Jacinto Amilpas, municipio conurbano a la ciudad de Oaxaca.<\/p>\n\n\n\n<p>De acuerdo con el reporte, el exfuncionario estatal conduc\u00eda su veh\u00edculo cuando fue atacado a balazos, y posteriormente se impact\u00f3 contra una vivienda.<\/p>\n\n\n\n<p>Al lugar llegaron elementos de las corporaciones de seguridad y de la Fiscal\u00eda General de Oaxaca para las diligencias correspondientes.<\/p>\n\n\n\n<p>En un comunicado, el gobierno de Oaxaca confirm\u00f3 que la persona asesinada trabaj\u00f3 hasta marzo del a\u00f1o 2024 en el\u00a0Departamento de Multas y Sanciones de la Secretar\u00eda de Movilidad.<\/p>\n","protected":false},"excerpt":{"rendered":"<p>Oaxaca, Oax., 10 de septiembre de 2025.- El extrabajador de la Secretar\u00eda de Movilidad de Oaxaca, identificado como G. S.R., fue asesinado a balazos la ma\u00f1ana de este martes mientras conduc\u00eda un autom\u00f3vil. El crimen ocurri\u00f3 en la colonia Azteca, de San Jacinto Amilpas, municipio conurbano a la ciudad de Oaxaca. De acuerdo con el&#8230;<\/p>\n","protected":false},"author":4,"featured_media":17336,"comment_status":"closed","ping_status":"closed","sticky":false,"template":"","format":"standard","meta":{"footnotes":""},"categories":[4],"tags":[],"class_list":["post-17335","post","type-post","status-publish","format-standard","has-post-thumbnail","hentry","category-general"],"_links":{"self":[{"href":"https:\/\/fdnoaxaca.net\/index.php\/wp-json\/wp\/v2\/posts\/17335","targetHints":{"allow":["GET"]}}],"collection":[{"href":"https:\/\/fdnoaxaca.net\/index.php\/wp-json\/wp\/v2\/posts"}],"about":[{"href":"https:\/\/fdnoaxaca.net\/index.php\/wp-json\/wp\/v2\/types\/post"}],"author":[{"embeddable":true,"href":"https:\/\/fdnoaxaca.net\/index.php\/wp-json\/wp\/v2\/users\/4"}],"replies":[{"embeddable":true,"href":"https:\/\/fdnoaxaca.net\/index.php\/wp-json\/wp\/v2\/comments?post=17335"}],"version-history":[{"count":1,"href":"https:\/\/fdnoaxaca.net\/index.php\/wp-json\/wp\/v2\/posts\/17335\/revisions"}],"predecessor-version":[{"id":17337,"href":"https:\/\/fdnoaxaca.net\/index.php\/wp-json\/wp\/v2\/posts\/17335\/revisions\/17337"}],"wp:featuredmedia":[{"embeddable":true,"href":"https:\/\/fdnoaxaca.net\/index.php\/wp-json\/wp\/v2\/media\/17336"}],"wp:attachment":[{"href":"https:\/\/fdnoaxaca.net\/index.php\/wp-json\/wp\/v2\/media?parent=17335"}],"wp:term":[{"taxonomy":"category","embeddable":true,"href":"https:\/\/fdnoaxaca.net\/index.php\/wp-json\/wp\/v2\/categories?post=17335"},{"taxonomy":"post_tag","embeddable":true,"href":"https:\/\/fdnoaxaca.net\/index.php\/wp-json\/wp\/v2\/tags?post=17335"}],"curies":[{"name":"wp","href":"https:\/\/api.w.org\/{rel}","templated":true}]}}