{"id":17404,"date":"2025-09-22T16:40:44","date_gmt":"2025-09-22T21:40:44","guid":{"rendered":"https:\/\/fdnoaxaca.net\/?p=17404"},"modified":"2025-09-22T16:40:46","modified_gmt":"2025-09-22T21:40:46","slug":"reciben-cirugia-de-labio-y-paladar-hendido-seis-ninos-en-oaxaca-con-fondos-de-la-carrera-juntos-por-una-sonrisa","status":"publish","type":"post","link":"https:\/\/fdnoaxaca.net\/index.php\/2025\/09\/22\/reciben-cirugia-de-labio-y-paladar-hendido-seis-ninos-en-oaxaca-con-fondos-de-la-carrera-juntos-por-una-sonrisa\/","title":{"rendered":"Reciben cirug\u00eda de labio y paladar hendido seis ni\u00f1os en Oaxaca con fondos de la carrera &#8220;Juntos por una sonrisa&#8221;"},"content":{"rendered":"\n<p><strong>Oaxaca, Oax., 22 de septiembre de 2025.-&nbsp;<\/strong>Este fin de semana se realiz\u00f3 el 32\u00b0 programa quir\u00fargico de&nbsp;<em>Fundaci\u00f3n Contreras<\/em>, en el que seis ni\u00f1os fueron operados de labio y paladar hendido, dando un paso fundamental en su tratamiento integral y mejorando significativamente su calidad de vida.<\/p>\n\n\n\n<p>Esta jornada m\u00e9dica se realiz\u00f3 con los fondos recaudados en la carrera con causa&nbsp;<em>\u201cJuntos por una sonrisa\u201d<\/em>, organizada por el&nbsp;<em>Instituto Blaise Pascale.<\/em><\/p>\n\n\n\n<p>El evento destac\u00f3 por el liderazgo de Santiago y Jared, estudiantes de preparatoria y&nbsp;<em>L\u00edderes con Causa<\/em>, quienes, movilizaron a su comunidad para apoyar a los ni\u00f1os en su operaci\u00f3n. Tambi\u00e9n fue clave el trabajo voluntario del equipo m\u00e9dico que hizo posible cada intervenci\u00f3n.<\/p>\n\n\n\n<p><em>La Fundaci\u00f3n Contreras<\/em>&nbsp;reafirma su compromiso con la salud infantil y celebra el poder de la colaboraci\u00f3n entre instituciones educativas, sociedad civil y profesionales de la salud.<\/p>\n\n\n\n<p>(Informaci\u00f3n del Instituto Blaise Pascale)<\/p>\n","protected":false},"excerpt":{"rendered":"<p>Oaxaca, Oax., 22 de septiembre de 2025.-&nbsp;Este fin de semana se realiz\u00f3 el 32\u00b0 programa quir\u00fargico de&nbsp;Fundaci\u00f3n Contreras, en el que seis ni\u00f1os fueron operados de labio y paladar hendido, dando un paso fundamental en su tratamiento integral y mejorando significativamente su calidad de vida. Esta jornada m\u00e9dica se realiz\u00f3 con los fondos recaudados en&#8230;<\/p>\n","protected":false},"author":4,"featured_media":17405,"comment_status":"closed","ping_status":"closed","sticky":false,"template":"","format":"standard","meta":{"footnotes":""},"categories":[49],"tags":[],"class_list":["post-17404","post","type-post","status-publish","format-standard","has-post-thumbnail","hentry","category-titulares"],"_links":{"self":[{"href":"https:\/\/fdnoaxaca.net\/index.php\/wp-json\/wp\/v2\/posts\/17404","targetHints":{"allow":["GET"]}}],"collection":[{"href":"https:\/\/fdnoaxaca.net\/index.php\/wp-json\/wp\/v2\/posts"}],"about":[{"href":"https:\/\/fdnoaxaca.net\/index.php\/wp-json\/wp\/v2\/types\/post"}],"author":[{"embeddable":true,"href":"https:\/\/fdnoaxaca.net\/index.php\/wp-json\/wp\/v2\/users\/4"}],"replies":[{"embeddable":true,"href":"https:\/\/fdnoaxaca.net\/index.php\/wp-json\/wp\/v2\/comments?post=17404"}],"version-history":[{"count":1,"href":"https:\/\/fdnoaxaca.net\/index.php\/wp-json\/wp\/v2\/posts\/17404\/revisions"}],"predecessor-version":[{"id":17406,"href":"https:\/\/fdnoaxaca.net\/index.php\/wp-json\/wp\/v2\/posts\/17404\/revisions\/17406"}],"wp:featuredmedia":[{"embeddable":true,"href":"https:\/\/fdnoaxaca.net\/index.php\/wp-json\/wp\/v2\/media\/17405"}],"wp:attachment":[{"href":"https:\/\/fdnoaxaca.net\/index.php\/wp-json\/wp\/v2\/media?parent=17404"}],"wp:term":[{"taxonomy":"category","embeddable":true,"href":"https:\/\/fdnoaxaca.net\/index.php\/wp-json\/wp\/v2\/categories?post=17404"},{"taxonomy":"post_tag","embeddable":true,"href":"https:\/\/fdnoaxaca.net\/index.php\/wp-json\/wp\/v2\/tags?post=17404"}],"curies":[{"name":"wp","href":"https:\/\/api.w.org\/{rel}","templated":true}]}}