{"id":17468,"date":"2025-10-01T23:18:59","date_gmt":"2025-10-02T04:18:59","guid":{"rendered":"https:\/\/fdnoaxaca.net\/?p=17468"},"modified":"2025-10-01T23:19:01","modified_gmt":"2025-10-02T04:19:01","slug":"firman-ieepco-e-ine-oaxaca-convenio-en-materia-registral","status":"publish","type":"post","link":"https:\/\/fdnoaxaca.net\/index.php\/2025\/10\/01\/firman-ieepco-e-ine-oaxaca-convenio-en-materia-registral\/","title":{"rendered":"Firman IEEPCO e INE Oaxaca convenio en materia registral"},"content":{"rendered":"\n<p>Oaxaca, Oax., 1 de octubre de 2025.- El Instituto Estatal Electoral y de Participaci\u00f3n Ciudadana de Oaxaca (IEEPCO) y la Junta Local del Instituto Nacional Electoral (INE) en Oaxaca firmaron este mi\u00e9rcoles el convenio espec\u00edfico de apoyo y colaboraci\u00f3n en materia registral.<\/p>\n\n\n\n<p>El objetivo de este acuerdo es establecer las bases de colaboraci\u00f3n entre ambas instituciones, para que la Direcci\u00f3n Ejecutiva del Registro Federal de Electores del INE proporcione al IEEPCO la Lista Nominal de Electores con fotograf\u00eda de 28 municipios que se rigen por Sistemas Normativos Ind\u00edgenas y que realizan sus elecciones mediante jornada electoral y planillas.<\/p>\n\n\n\n<p>Al dar la bienvenida, la consejera presidente del IEEPCO, Elizabeth S\u00e1nchez Gonz\u00e1lez, se\u00f1al\u00f3 que diversas autoridades y \u00f3rganos comunitarios de los municipios que se rigen por sus propias normas de elecci\u00f3n, en ejercicio de su derecho a la autonom\u00eda, han solicitado al Instituto gestionar ante el INE el pr\u00e9stamo de la Lista Nominal como herramienta de apoyo para garantizar el ejercicio del voto.<\/p>\n\n\n\n<p>\u201cCelebro la firma de este convenio y aprovecho esta oportunidad para agradecer la colaboraci\u00f3n y el compromiso institucional que coadyuvan a la organizaci\u00f3n de elecciones democr\u00e1ticas en las comunidades ind\u00edgenas de Oaxaca&#8221;, destac\u00f3 la presidente.<\/p>\n\n\n\n<p>Por su parte, el vocal ejecutivo de la Junta Local del INE en Oaxaca, Mart\u00edn Mart\u00ednez Cortazar, subray\u00f3 la importancia de contribuir en los procesos electorales del estado y reiter\u00f3 el compromiso del \u00f3rgano electoral con las comunidades que se rigen por Sistemas Normativos Ind\u00edgenas.<\/p>\n","protected":false},"excerpt":{"rendered":"<p>Oaxaca, Oax., 1 de octubre de 2025.- El Instituto Estatal Electoral y de Participaci\u00f3n Ciudadana de Oaxaca (IEEPCO) y la Junta Local del Instituto Nacional Electoral (INE) en Oaxaca firmaron este mi\u00e9rcoles el convenio espec\u00edfico de apoyo y colaboraci\u00f3n en materia registral. El objetivo de este acuerdo es establecer las bases de colaboraci\u00f3n entre ambas&#8230;<\/p>\n","protected":false},"author":4,"featured_media":17469,"comment_status":"closed","ping_status":"closed","sticky":false,"template":"","format":"standard","meta":{"footnotes":""},"categories":[4],"tags":[],"class_list":["post-17468","post","type-post","status-publish","format-standard","has-post-thumbnail","hentry","category-general"],"_links":{"self":[{"href":"https:\/\/fdnoaxaca.net\/index.php\/wp-json\/wp\/v2\/posts\/17468","targetHints":{"allow":["GET"]}}],"collection":[{"href":"https:\/\/fdnoaxaca.net\/index.php\/wp-json\/wp\/v2\/posts"}],"about":[{"href":"https:\/\/fdnoaxaca.net\/index.php\/wp-json\/wp\/v2\/types\/post"}],"author":[{"embeddable":true,"href":"https:\/\/fdnoaxaca.net\/index.php\/wp-json\/wp\/v2\/users\/4"}],"replies":[{"embeddable":true,"href":"https:\/\/fdnoaxaca.net\/index.php\/wp-json\/wp\/v2\/comments?post=17468"}],"version-history":[{"count":1,"href":"https:\/\/fdnoaxaca.net\/index.php\/wp-json\/wp\/v2\/posts\/17468\/revisions"}],"predecessor-version":[{"id":17470,"href":"https:\/\/fdnoaxaca.net\/index.php\/wp-json\/wp\/v2\/posts\/17468\/revisions\/17470"}],"wp:featuredmedia":[{"embeddable":true,"href":"https:\/\/fdnoaxaca.net\/index.php\/wp-json\/wp\/v2\/media\/17469"}],"wp:attachment":[{"href":"https:\/\/fdnoaxaca.net\/index.php\/wp-json\/wp\/v2\/media?parent=17468"}],"wp:term":[{"taxonomy":"category","embeddable":true,"href":"https:\/\/fdnoaxaca.net\/index.php\/wp-json\/wp\/v2\/categories?post=17468"},{"taxonomy":"post_tag","embeddable":true,"href":"https:\/\/fdnoaxaca.net\/index.php\/wp-json\/wp\/v2\/tags?post=17468"}],"curies":[{"name":"wp","href":"https:\/\/api.w.org\/{rel}","templated":true}]}}