{"id":17596,"date":"2025-10-20T21:26:20","date_gmt":"2025-10-21T02:26:20","guid":{"rendered":"https:\/\/fdnoaxaca.net\/?p=17596"},"modified":"2025-10-20T21:26:22","modified_gmt":"2025-10-21T02:26:22","slug":"reconocen-trayectoria-de-maratonista-amelia-garcia-garcia","status":"publish","type":"post","link":"https:\/\/fdnoaxaca.net\/index.php\/2025\/10\/20\/reconocen-trayectoria-de-maratonista-amelia-garcia-garcia\/","title":{"rendered":"Reconocen trayectoria de maratonista Amelia Garc\u00eda Garc\u00eda"},"content":{"rendered":"\n<p><em>En el marco de la carrera del D\u00eda del M\u00e9dico, la m\u00e9dico y maratonista fue homenajeada en la tradicional justa atl\u00e9tica en Oaxaca.<\/em><\/p>\n\n\n\n<p><em>Territorio Score&nbsp;<\/em><\/p>\n\n\n\n<p>Oaxaca, Oax., 20 de octubre de 2025.-&nbsp;Dicen los que saben que despu\u00e9s del kil\u00f3metro 35 es cuando las piernas flaquean, la respiraci\u00f3n ya es difusa, el cuerpo est\u00e1 totalmente deshidratado, pero es en ese instante en donde el corredor pone a prueba su fuerza mental, \u201ces casi autom\u00e1tico, me pongo las gafas, me concentro en el objetivo principal: cruzar la meta\u201d, dice la maratonista oaxaque\u00f1a Amelia Garc\u00eda Garc\u00eda.<\/p>\n\n\n\n<p>Doctora de profesi\u00f3n, maratonista por antonomasia, con la emoci\u00f3n en la voz, con una mirada que da la impresi\u00f3n que viera ese instante en que llega al kil\u00f3metro 35, sus recuerdos viajaron este fin de semana hacia la gente que la alienta en Oaxaca, que la ve entrenar diariamente en el bosque de \u201cEl tequio\u201d, bajo la tutela de su entrenador -el profesor Reynaldo Hern\u00e1ndez-, quien siempre le menciona la gran fortaleza mental que posee.<\/p>\n\n\n\n<p>Por sus destacados logros en el atletismo en el \u00e1mbito internacional y ejemplo para la comunidad m\u00e9dica, la maratonista Amelia Garc\u00eda Garc\u00eda fue reconocida en la edici\u00f3n 2025 de la tradicional Carrera del D\u00eda del M\u00e9dico que se realiz\u00f3 este fin en Oaxaca.<\/p>\n\n\n\n<p>Empez\u00f3 a correr a los 34 a\u00f1os y una de sus metas de vida es correr los maratones m\u00e1s importantes del mundo, ya corri\u00f3 Los Angeles, Nueva York, Boston.<\/p>\n\n\n\n<p>Su perseverancia ha estado presente en diferentes cap\u00edtulos de su vida, ya que se sobrepuso a un accidente, donde las consecuencias fueron de gravedad e incluso deb\u00eda ser ayudada para levantarse.<\/p>\n\n\n\n<p>Sesiones de nataci\u00f3n y de acuafitness incluyeron la terapia de rehabilitaci\u00f3n, de la que se recuper\u00f3 para convertirse en ejemplo y maratonista internacional.<\/p>\n\n\n\n<p>\u201cMorir en la raya, morir luchando\u201d: as\u00ed resume su carrera deportiva de la doctora Amelia Garc\u00eda Garc\u00eda, quien ha corrido infinidad de maratones y ya planea su nueva incursi\u00f3n a nivel internacional.<\/p>\n\n\n\n<p>La doctora Amelia como la conocen el mundo del atletismo oaxaque\u00f1o es la \u00fanica mujer oaxaque\u00f1a que ha corrido tres de los maratones m\u00e1s importantes del mundo \u201cMajors\u201d como se le conoce: Nueva York y Boston, adem\u00e1s de haber corrido el de Los \u00c1ngeles en tres ocasiones y Hartford, \u00e9ste \u00faltimo es donde dio la marca para poder correr en Boston.<\/p>\n\n\n\n<p>Con esa marca, Amelia Garc\u00eda pudo correr Boston, el m\u00e1s antiguo de los maratones del mundo y ahora ha comenzado, fiel a su costumbre, con su jornada de entrenamiento regular diaria con miras a sus nuevos objetivos deportivos.<\/p>\n\n\n\n<p>Para quienes corren de manera met\u00f3dica, disciplinada, pero sobre todo seriamente, saben que bajar ese tiempo es mucho trabajo, y en ese camino est\u00e1 la doctora, quien como lo ha expresado en diversas oportunidades en los de medios de comunicaci\u00f3n: \u201cque su visi\u00f3n es ser ejemplo para sus pacientes en la salud a trav\u00e9s de una vida sana\u201d.<\/p>\n\n\n\n<p>Destac\u00f3 que son ya m\u00e1s de tres d\u00e9cadas practicando deporte competitivo y al mismo tiempo \u201cson ya 38 a\u00f1os promoviendo la salud con el deporte, ejerciendo mi profesi\u00f3n y tratando de dar esa imagen de la importancia de la actividad deportiva en la rutina\u201d.<\/p>\n","protected":false},"excerpt":{"rendered":"<p>En el marco de la carrera del D\u00eda del M\u00e9dico, la m\u00e9dico y maratonista fue homenajeada en la tradicional justa atl\u00e9tica en Oaxaca. Territorio Score&nbsp; Oaxaca, Oax., 20 de octubre de 2025.-&nbsp;Dicen los que saben que despu\u00e9s del kil\u00f3metro 35 es cuando las piernas flaquean, la respiraci\u00f3n ya es difusa, el cuerpo est\u00e1 totalmente deshidratado,&#8230;<\/p>\n","protected":false},"author":4,"featured_media":17597,"comment_status":"closed","ping_status":"closed","sticky":false,"template":"","format":"standard","meta":{"footnotes":""},"categories":[50],"tags":[],"class_list":["post-17596","post","type-post","status-publish","format-standard","has-post-thumbnail","hentry","category-suplementos"],"_links":{"self":[{"href":"https:\/\/fdnoaxaca.net\/index.php\/wp-json\/wp\/v2\/posts\/17596","targetHints":{"allow":["GET"]}}],"collection":[{"href":"https:\/\/fdnoaxaca.net\/index.php\/wp-json\/wp\/v2\/posts"}],"about":[{"href":"https:\/\/fdnoaxaca.net\/index.php\/wp-json\/wp\/v2\/types\/post"}],"author":[{"embeddable":true,"href":"https:\/\/fdnoaxaca.net\/index.php\/wp-json\/wp\/v2\/users\/4"}],"replies":[{"embeddable":true,"href":"https:\/\/fdnoaxaca.net\/index.php\/wp-json\/wp\/v2\/comments?post=17596"}],"version-history":[{"count":1,"href":"https:\/\/fdnoaxaca.net\/index.php\/wp-json\/wp\/v2\/posts\/17596\/revisions"}],"predecessor-version":[{"id":17598,"href":"https:\/\/fdnoaxaca.net\/index.php\/wp-json\/wp\/v2\/posts\/17596\/revisions\/17598"}],"wp:featuredmedia":[{"embeddable":true,"href":"https:\/\/fdnoaxaca.net\/index.php\/wp-json\/wp\/v2\/media\/17597"}],"wp:attachment":[{"href":"https:\/\/fdnoaxaca.net\/index.php\/wp-json\/wp\/v2\/media?parent=17596"}],"wp:term":[{"taxonomy":"category","embeddable":true,"href":"https:\/\/fdnoaxaca.net\/index.php\/wp-json\/wp\/v2\/categories?post=17596"},{"taxonomy":"post_tag","embeddable":true,"href":"https:\/\/fdnoaxaca.net\/index.php\/wp-json\/wp\/v2\/tags?post=17596"}],"curies":[{"name":"wp","href":"https:\/\/api.w.org\/{rel}","templated":true}]}}