{"id":17748,"date":"2025-11-06T10:40:43","date_gmt":"2025-11-06T15:40:43","guid":{"rendered":"https:\/\/fdnoaxaca.net\/?p=17748"},"modified":"2025-11-06T10:40:45","modified_gmt":"2025-11-06T15:40:45","slug":"asume-gilberto-batiz-garcia-la-presidencia-del-tepjf","status":"publish","type":"post","link":"https:\/\/fdnoaxaca.net\/index.php\/2025\/11\/06\/asume-gilberto-batiz-garcia-la-presidencia-del-tepjf\/","title":{"rendered":"Asume Gilberto B\u00e1tiz Garc\u00eda la presidencia del TEPJF"},"content":{"rendered":"\n<p>Ciudad de M\u00e9xico, Mx., 6 de noviembre de 2025.- El&nbsp;magistrado Gilberto B\u00e1tiz Garc\u00eda tom\u00f3 posesi\u00f3n como nuevo presidente del Tribunal Electoral del Poder Judicial de la Federaci\u00f3n (TEPJF).<\/p>\n\n\n\n<p>Al asumir la presidencia, plante\u00f3 que impulsar\u00e1 &#8220;la colegialidad funcional, la cercan\u00eda con la ciudadan\u00eda, las decisiones que fortalezcan la estabilidad y gobernabilidad, el aterrizaje administrativo ordenado y racional y la justicia con rostro humano&#8221;.<\/p>\n\n\n\n<p>En su primera sesi\u00f3n p\u00fablica al frente del pleno del TEPJF, a donde llega como primer magistrado presidente electo por el voto popular, dej\u00f3 claros los ejes en que ejercer\u00e1 su cargo, basado primordialmente en el trabajo en equipo con sus colegas y el contacto directo con la gente.<\/p>\n\n\n\n<p>\u201cLa justicia no debe permanecer encerrada entre muros o expedientes; debe recorrer el territorio, escuchar de viva voz, explicar sus decisiones y fortalecer la educaci\u00f3n c\u00edvica\u201d, expuso B\u00e1tiz Garc\u00eda ante el pleno de la Sala Superior integrado por las magistradas Claudia Valle Aguilasocho, M\u00f3nica Aral\u00ed Soto Fregoso, as\u00ed como los magistrados Felipe de la Mata Piza\u00f1a, Felipe Alfredo Fuentes Barrera y Reyes Rodr\u00edguez Mondrag\u00f3n.<\/p>\n\n\n\n<p>Respecto a la colegialidad funcional, el magistrado de origen chiapaneco se\u00f1al\u00f3 que, en un \u00f3rgano como la Sala Superior, trabajar en equipo no es una cortes\u00eda: es un deber constitucional y moral ante el pueblo.<\/p>\n\n\n\n<p>\u201cLa pluralidad de visiones es riqueza, pero s\u00f3lo si se procesa con respeto, di\u00e1logo y responsabilidad compartida. Un tribunal dividido no sirve a M\u00e9xico. Ser\u00e9 un catalizador de soluciones, no un generador de conflictos\u201d, asegur\u00f3.<\/p>\n\n\n\n<p>En ese sentido, reconoci\u00f3 que es indispensable la experiencia, pericia y apertura de sus colegas magistrados, ya que, sin su apoyo, sin su aporte, esta nueva etapa de la justicia electoral ser\u00eda inviable.<\/p>\n\n\n\n<p>A la sesi\u00f3n asistieron ministros de la SCJN; el presidente del Tribunal de Disciplina Judicial, N\u00e9stor Vargas Solano; la presidenta del \u00d3rgano de Administraci\u00f3n Judicial, Celia Maya Garc\u00eda; consejeros del Instituto Nacional Electoral; magistrados de las Salas Regionales del TEPJF, autoridades electorales estatales, legisladores y representantes de los partidos pol\u00edticos.<\/p>\n\n\n\n<figure class=\"wp-block-image size-full\"><img loading=\"lazy\" decoding=\"async\" width=\"800\" height=\"530\" src=\"https:\/\/fdnoaxaca.net\/wp-content\/uploads\/2025\/11\/Picsart_25-11-06_09-38-59-807-1.jpg\" alt=\"\" class=\"wp-image-17751\" srcset=\"https:\/\/fdnoaxaca.net\/wp-content\/uploads\/2025\/11\/Picsart_25-11-06_09-38-59-807-1.jpg 800w, https:\/\/fdnoaxaca.net\/wp-content\/uploads\/2025\/11\/Picsart_25-11-06_09-38-59-807-1-300x200.jpg 300w, https:\/\/fdnoaxaca.net\/wp-content\/uploads\/2025\/11\/Picsart_25-11-06_09-38-59-807-1-768x509.jpg 768w\" sizes=\"auto, (max-width: 800px) 100vw, 800px\" \/><\/figure>\n","protected":false},"excerpt":{"rendered":"<p>Ciudad de M\u00e9xico, Mx., 6 de noviembre de 2025.- El&nbsp;magistrado Gilberto B\u00e1tiz Garc\u00eda tom\u00f3 posesi\u00f3n como nuevo presidente del Tribunal Electoral del Poder Judicial de la Federaci\u00f3n (TEPJF). Al asumir la presidencia, plante\u00f3 que impulsar\u00e1 &#8220;la colegialidad funcional, la cercan\u00eda con la ciudadan\u00eda, las decisiones que fortalezcan la estabilidad y gobernabilidad, el aterrizaje administrativo ordenado&#8230;<\/p>\n","protected":false},"author":4,"featured_media":17750,"comment_status":"closed","ping_status":"closed","sticky":false,"template":"","format":"standard","meta":{"footnotes":""},"categories":[56],"tags":[],"class_list":["post-17748","post","type-post","status-publish","format-standard","has-post-thumbnail","hentry","category-nacional"],"_links":{"self":[{"href":"https:\/\/fdnoaxaca.net\/index.php\/wp-json\/wp\/v2\/posts\/17748","targetHints":{"allow":["GET"]}}],"collection":[{"href":"https:\/\/fdnoaxaca.net\/index.php\/wp-json\/wp\/v2\/posts"}],"about":[{"href":"https:\/\/fdnoaxaca.net\/index.php\/wp-json\/wp\/v2\/types\/post"}],"author":[{"embeddable":true,"href":"https:\/\/fdnoaxaca.net\/index.php\/wp-json\/wp\/v2\/users\/4"}],"replies":[{"embeddable":true,"href":"https:\/\/fdnoaxaca.net\/index.php\/wp-json\/wp\/v2\/comments?post=17748"}],"version-history":[{"count":1,"href":"https:\/\/fdnoaxaca.net\/index.php\/wp-json\/wp\/v2\/posts\/17748\/revisions"}],"predecessor-version":[{"id":17752,"href":"https:\/\/fdnoaxaca.net\/index.php\/wp-json\/wp\/v2\/posts\/17748\/revisions\/17752"}],"wp:featuredmedia":[{"embeddable":true,"href":"https:\/\/fdnoaxaca.net\/index.php\/wp-json\/wp\/v2\/media\/17750"}],"wp:attachment":[{"href":"https:\/\/fdnoaxaca.net\/index.php\/wp-json\/wp\/v2\/media?parent=17748"}],"wp:term":[{"taxonomy":"category","embeddable":true,"href":"https:\/\/fdnoaxaca.net\/index.php\/wp-json\/wp\/v2\/categories?post=17748"},{"taxonomy":"post_tag","embeddable":true,"href":"https:\/\/fdnoaxaca.net\/index.php\/wp-json\/wp\/v2\/tags?post=17748"}],"curies":[{"name":"wp","href":"https:\/\/api.w.org\/{rel}","templated":true}]}}