{"id":17972,"date":"2025-11-21T21:56:10","date_gmt":"2025-11-22T02:56:10","guid":{"rendered":"https:\/\/fdnoaxaca.net\/?p=17972"},"modified":"2025-11-21T21:56:12","modified_gmt":"2025-11-22T02:56:12","slug":"firman-ieepco-e-ine-convenio-de-colaboracion-para-la-revocacion-de-mandato","status":"publish","type":"post","link":"https:\/\/fdnoaxaca.net\/index.php\/2025\/11\/21\/firman-ieepco-e-ine-convenio-de-colaboracion-para-la-revocacion-de-mandato\/","title":{"rendered":"Firman IEEPCO e INE convenio de colaboraci\u00f3n para la revocaci\u00f3n de mandato"},"content":{"rendered":"\n<p>Oaxaca, Oax., 21 de noviembre de 2025.- El Instituto Estatal Electoral y de Participaci\u00f3n Ciudadana de Oaxaca (IEEPCO) y el Instituto Nacional Electoral (INE) firmaron este viernes un convenio de coordinaci\u00f3n y colaboraci\u00f3n para garantizar la organizaci\u00f3n del proceso de revocaci\u00f3n de mandato de la persona titular del Poder Ejecutivo del estado de Oaxaca (PRMO) 2026.<\/p>\n\n\n\n<p>El objetivo de este convenio es unir la experiencia y el trabajo de ambas instituciones electorales, dentro de sus \u00e1mbitos de competencia, para ofrecer a la ciudadan\u00eda un esfuerzo conjunto que fortalezca la calidad y eficacia de la vida democr\u00e1tica. Esto permitir\u00e1 optimizar los recursos humanos y materiales disponibles, en estricto apego al marco constitucional y legal, inform\u00f3 el IEEPCO.<\/p>\n\n\n\n<p>El documento, firmado por la consejera presidente del INE, Guadalupe Taddei Zavala, y la consejera presidenta del IEEPCO, Elizabeth S\u00e1nchez Gonz\u00e1lez, establece las bases generales de coordinaci\u00f3n para este ejercicio in\u00e9dito de democracia participativa.<\/p>\n\n\n\n<p>Como parte del convenio, el INE proporcionar\u00e1 al IEEPCO el padr\u00f3n electoral y la lista nominal de electores, con el fin de garantizar una adecuada organizaci\u00f3n de las actividades en materia registral. Asimismo, apoyar\u00e1 en el dise\u00f1o y producci\u00f3n de materiales informativos y de difusi\u00f3n que permitan motivar e informar a la ciudadan\u00eda.<\/p>\n\n\n\n<p>El INE tambi\u00e9n entregar\u00e1 la Lista Nominal de Electores Definitiva con Fotograf\u00eda, con corte al 31 de diciembre de 2025. Para facilitar su consulta, el IEEPCO habilitar\u00e1 en su p\u00e1gina oficial un v\u00ednculo donde las personas oaxaque\u00f1as podr\u00e1n revisar su situaci\u00f3n registral.<\/p>\n\n\n\n<p>Por su parte, el IEEPCO se compromete a garantizar la confidencialidad de la Lista Nominal de Electores Definitiva, as\u00ed como a cumplir con los t\u00e9rminos, plazos y condiciones establecidos para su devoluci\u00f3n y destrucci\u00f3n.<\/p>\n\n\n\n<p>Ambas instituciones realizar\u00e1n las acciones necesarias para el reclutamiento y selecci\u00f3n de quienes integrar\u00e1n las Supervisiones Electorales (SE) y las Capacitaciones Asistentes Electorales (CAE), quienes desempe\u00f1ar\u00e1n tareas esenciales para la organizaci\u00f3n y en su caso desarrollo de la consulta de Revocaci\u00f3n de Mandato.<\/p>\n\n\n\n<p>El convenio tambi\u00e9n establece la coordinaci\u00f3n entre las autoridades electorales para la elaboraci\u00f3n de materiales did\u00e1cticos; la ubicaci\u00f3n de casillas; la integraci\u00f3n de Mesas Directivas de Casilla; la acreditaci\u00f3n, capacitaci\u00f3n y fiscalizaci\u00f3n de la observaci\u00f3n electoral nacional y extranjera; as\u00ed como para la fiscalizaci\u00f3n y monitoreo de los espacios que difunden noticias y propaganda electoral, entre otros aspectos.<\/p>\n\n\n\n<p>Este acuerdo tambi\u00e9n fue firmado por la secretaria ejecutiva del INE, Claudia Arlett Espino; el vocal ejecutivo de la Junta Local Ejecutiva en Oaxaca, Mart\u00edn Mart\u00ednez Cort\u00e1zar; y el secretario ejecutivo del IEEPCO, Graciano Alejandro Prats Rojas.<\/p>\n","protected":false},"excerpt":{"rendered":"<p>Oaxaca, Oax., 21 de noviembre de 2025.- El Instituto Estatal Electoral y de Participaci\u00f3n Ciudadana de Oaxaca (IEEPCO) y el Instituto Nacional Electoral (INE) firmaron este viernes un convenio de coordinaci\u00f3n y colaboraci\u00f3n para garantizar la organizaci\u00f3n del proceso de revocaci\u00f3n de mandato de la persona titular del Poder Ejecutivo del estado de Oaxaca (PRMO)&#8230;<\/p>\n","protected":false},"author":4,"featured_media":17973,"comment_status":"closed","ping_status":"closed","sticky":false,"template":"","format":"standard","meta":{"footnotes":""},"categories":[56,49],"tags":[],"class_list":["post-17972","post","type-post","status-publish","format-standard","has-post-thumbnail","hentry","category-nacional","category-titulares"],"_links":{"self":[{"href":"https:\/\/fdnoaxaca.net\/index.php\/wp-json\/wp\/v2\/posts\/17972","targetHints":{"allow":["GET"]}}],"collection":[{"href":"https:\/\/fdnoaxaca.net\/index.php\/wp-json\/wp\/v2\/posts"}],"about":[{"href":"https:\/\/fdnoaxaca.net\/index.php\/wp-json\/wp\/v2\/types\/post"}],"author":[{"embeddable":true,"href":"https:\/\/fdnoaxaca.net\/index.php\/wp-json\/wp\/v2\/users\/4"}],"replies":[{"embeddable":true,"href":"https:\/\/fdnoaxaca.net\/index.php\/wp-json\/wp\/v2\/comments?post=17972"}],"version-history":[{"count":1,"href":"https:\/\/fdnoaxaca.net\/index.php\/wp-json\/wp\/v2\/posts\/17972\/revisions"}],"predecessor-version":[{"id":17974,"href":"https:\/\/fdnoaxaca.net\/index.php\/wp-json\/wp\/v2\/posts\/17972\/revisions\/17974"}],"wp:featuredmedia":[{"embeddable":true,"href":"https:\/\/fdnoaxaca.net\/index.php\/wp-json\/wp\/v2\/media\/17973"}],"wp:attachment":[{"href":"https:\/\/fdnoaxaca.net\/index.php\/wp-json\/wp\/v2\/media?parent=17972"}],"wp:term":[{"taxonomy":"category","embeddable":true,"href":"https:\/\/fdnoaxaca.net\/index.php\/wp-json\/wp\/v2\/categories?post=17972"},{"taxonomy":"post_tag","embeddable":true,"href":"https:\/\/fdnoaxaca.net\/index.php\/wp-json\/wp\/v2\/tags?post=17972"}],"curies":[{"name":"wp","href":"https:\/\/api.w.org\/{rel}","templated":true}]}}