{"id":18046,"date":"2025-12-01T01:26:34","date_gmt":"2025-12-01T06:26:34","guid":{"rendered":"https:\/\/fdnoaxaca.net\/?p=18046"},"modified":"2025-12-01T01:26:36","modified_gmt":"2025-12-01T06:26:36","slug":"confirman-que-hay-oaxaquenas-entre-las-que-cayeron-del-muro-fronterizo-en-tijuana-una-murio","status":"publish","type":"post","link":"https:\/\/fdnoaxaca.net\/index.php\/2025\/12\/01\/confirman-que-hay-oaxaquenas-entre-las-que-cayeron-del-muro-fronterizo-en-tijuana-una-murio\/","title":{"rendered":"Confirman que hay oaxaque\u00f1as entre las que cayeron del muro fronterizo en Tijuana; una muri\u00f3\u00a0"},"content":{"rendered":"\n<ul class=\"wp-block-list\">\n<li>Se realizar\u00e1 el traslado del cuerpo de una de ellas, originaria de Aguadulce, San Pedro Jicay\u00e1n.<\/li>\n<\/ul>\n\n\n\n<p>Oaxaca de Ju\u00e1rez, Oax. 1 de diciembre de 2025. El Gobierno de Oaxaca confirm\u00f3 que hay mujeres originarias de la Costa, entre las que cayeron del muro fronterizo en la ciudad de Tijuana, Baja California.<\/p>\n\n\n\n<p>Inform\u00f3 que una de ellas muri\u00f3, por lo que ha iniciado la integraci\u00f3n de la documentaci\u00f3n necesaria y los tr\u00e1mites pertinentes para realizar el traslado del cuerpo desde Tijuana hasta Aguadulce, San Pedro Jicay\u00e1n, su comunidad de origen.<\/p>\n\n\n\n<p>Para estas acciones se estableci\u00f3 un enlace directo con los familiares, con quienes se mantendr\u00e1 comunicaci\u00f3n constante para brindarles acompa\u00f1amiento durante todo el proceso, asegur\u00f3 el gobierno.<\/p>\n\n\n\n<p>Otras dos mujeres involucradas en el incidente presentan lesiones, y se report\u00f3 que su estado de salud es estable. De igual manera, ya se realizaron los contactos correspondientes para canalizarlas con sus familias.<\/p>\n","protected":false},"excerpt":{"rendered":"<p>Oaxaca de Ju\u00e1rez, Oax. 1 de diciembre de 2025. El Gobierno de Oaxaca confirm\u00f3 que hay mujeres originarias de la Costa, entre las que cayeron del muro fronterizo en la ciudad de Tijuana, Baja California. Inform\u00f3 que una de ellas muri\u00f3, por lo que ha iniciado la integraci\u00f3n de la documentaci\u00f3n necesaria y los tr\u00e1mites&#8230;<\/p>\n","protected":false},"author":4,"featured_media":18047,"comment_status":"closed","ping_status":"closed","sticky":false,"template":"","format":"standard","meta":{"footnotes":""},"categories":[56,49],"tags":[],"class_list":["post-18046","post","type-post","status-publish","format-standard","has-post-thumbnail","hentry","category-nacional","category-titulares"],"_links":{"self":[{"href":"https:\/\/fdnoaxaca.net\/index.php\/wp-json\/wp\/v2\/posts\/18046","targetHints":{"allow":["GET"]}}],"collection":[{"href":"https:\/\/fdnoaxaca.net\/index.php\/wp-json\/wp\/v2\/posts"}],"about":[{"href":"https:\/\/fdnoaxaca.net\/index.php\/wp-json\/wp\/v2\/types\/post"}],"author":[{"embeddable":true,"href":"https:\/\/fdnoaxaca.net\/index.php\/wp-json\/wp\/v2\/users\/4"}],"replies":[{"embeddable":true,"href":"https:\/\/fdnoaxaca.net\/index.php\/wp-json\/wp\/v2\/comments?post=18046"}],"version-history":[{"count":1,"href":"https:\/\/fdnoaxaca.net\/index.php\/wp-json\/wp\/v2\/posts\/18046\/revisions"}],"predecessor-version":[{"id":18048,"href":"https:\/\/fdnoaxaca.net\/index.php\/wp-json\/wp\/v2\/posts\/18046\/revisions\/18048"}],"wp:featuredmedia":[{"embeddable":true,"href":"https:\/\/fdnoaxaca.net\/index.php\/wp-json\/wp\/v2\/media\/18047"}],"wp:attachment":[{"href":"https:\/\/fdnoaxaca.net\/index.php\/wp-json\/wp\/v2\/media?parent=18046"}],"wp:term":[{"taxonomy":"category","embeddable":true,"href":"https:\/\/fdnoaxaca.net\/index.php\/wp-json\/wp\/v2\/categories?post=18046"},{"taxonomy":"post_tag","embeddable":true,"href":"https:\/\/fdnoaxaca.net\/index.php\/wp-json\/wp\/v2\/tags?post=18046"}],"curies":[{"name":"wp","href":"https:\/\/api.w.org\/{rel}","templated":true}]}}