{"id":18064,"date":"2025-12-02T12:25:20","date_gmt":"2025-12-02T17:25:20","guid":{"rendered":"https:\/\/fdnoaxaca.net\/?p=18064"},"modified":"2025-12-02T12:25:22","modified_gmt":"2025-12-02T17:25:22","slug":"desaparecen-cuatro-transportistas-de-tamaulipas-en-oaxaca","status":"publish","type":"post","link":"https:\/\/fdnoaxaca.net\/index.php\/2025\/12\/02\/desaparecen-cuatro-transportistas-de-tamaulipas-en-oaxaca\/","title":{"rendered":"Desaparecen cuatro transportistas de Tamaulipas en Oaxaca\u00a0"},"content":{"rendered":"\n<p>Oaxaca de Ju\u00e1rez, Oax. 2 de diciembre de 2025.- Cuatro transportistas originarios del estado de Tamaulipas, desaparecieron en Mat\u00edas Romero, municipio de la regi\u00f3n del Istmo de Tehuantepec, en Oaxaca.<\/p>\n\n\n\n<p>La Comisi\u00f3n Estatal de B\u00fasqueda de Personas Desaparecidas para el Estado de Oaxaca, report\u00f3 las fichas de b\u00fasqueda de Aldher Francisco Moreno Hern\u00e1ndez, Andr\u00e9s Eloy Ram\u00f3n Ceja y Juan Jos\u00e9 P\u00e9rez Hern\u00e1ndez, provenientes de Tamaulipas; y de Fernando Castro Morales, de ese mismo estado tambi\u00e9n, pero residente en Mat\u00edas Romero.<\/p>\n\n\n\n<p>Sin embargo, de las cuatro desapariciones, solo de dos fueron interpuestas denuncias ante la Fiscal\u00eda General del Estado de Oaxaca (FGEO).<\/p>\n\n\n\n<p>La Fiscal\u00eda inform\u00f3 que por las dos denuncias recibidas, ampliaron las labores de investigaci\u00f3n ministerial y b\u00fasqueda de personas, para establecer si existe conexi\u00f3n entre ambos casos.<\/p>\n\n\n\n<p>De acuerdo con las denuncias presentadas (una en Mat\u00edas Romero y la otra directamente en la Vicefiscal\u00eda General de Atenci\u00f3n a V\u00edctimas y los Derechos Humanos), en el primero de los casos se trata de Aldher Francisco Moreno Hern\u00e1ndez, quien sali\u00f3 el 18 de noviembre de 2025, de Reynosa, en el estado de Tamaulipas, a bordo de una pipa de la empresa Transportes Nava, y tuvo el \u00faltimo contacto con su familia el 20 de noviembre de 2025, luego de reportar su llegada al Istmo de Tehuantepec.<\/p>\n\n\n\n<p>El segundo caso se trata del reporte de la no localizaci\u00f3n de Fernando Castro Morales, con quien perdieron contacto el 20 de noviembre, la v\u00edctima es un transportista originario de Tamaulipas, quien viaj\u00f3 a Mat\u00edas Romero a bordo de una pipa propiedad de la empresa Orozco&amp;Orozco, de acuerdo con la denuncia realizada por las v\u00edctimas indirectas.<\/p>\n\n\n\n<figure class=\"wp-block-image size-full\"><img loading=\"lazy\" decoding=\"async\" width=\"800\" height=\"533\" src=\"https:\/\/fdnoaxaca.net\/wp-content\/uploads\/2025\/12\/Picsart_25-12-02_11-17-36-131-1.jpg\" alt=\"\" class=\"wp-image-18066\" srcset=\"https:\/\/fdnoaxaca.net\/wp-content\/uploads\/2025\/12\/Picsart_25-12-02_11-17-36-131-1.jpg 800w, https:\/\/fdnoaxaca.net\/wp-content\/uploads\/2025\/12\/Picsart_25-12-02_11-17-36-131-1-300x200.jpg 300w, https:\/\/fdnoaxaca.net\/wp-content\/uploads\/2025\/12\/Picsart_25-12-02_11-17-36-131-1-768x512.jpg 768w, https:\/\/fdnoaxaca.net\/wp-content\/uploads\/2025\/12\/Picsart_25-12-02_11-17-36-131-1-600x400.jpg 600w, https:\/\/fdnoaxaca.net\/wp-content\/uploads\/2025\/12\/Picsart_25-12-02_11-17-36-131-1-272x182.jpg 272w\" sizes=\"auto, (max-width: 800px) 100vw, 800px\" \/><\/figure>\n\n\n\n<p>Luego de recibir ambas denuncias por separado, las \u00e1reas especializadas de la Fiscal\u00eda de Oaxaca realizan trabajos ministeriales para establecer si existe relaci\u00f3n entre ambos, por lo que se han llevado a cabo actos de investigaci\u00f3n que consisten en trabajos de campo, as\u00ed como labores de inteligencia para establecer las rutas que siguieron ambas personas, detall\u00f3 la instituci\u00f3n.<\/p>\n\n\n\n<p>Adem\u00e1s que giraron los oficios de colaboraci\u00f3n con el resto de las Fiscal\u00edas Estatales de las 31 entidades del pa\u00eds para contribuir a los esfuerzos para localizar a los transportistas.<\/p>\n\n\n\n<p>Por otra parte, la Fiscal\u00eda inform\u00f3 que en casos de ausencia de personas, la denuncia por parte de la familia o cualquier v\u00edctima indirecta, es fundamental para que la Fiscal\u00eda de Oaxaca fortalezca los trabajos de investigaci\u00f3n al respecto.<\/p>\n","protected":false},"excerpt":{"rendered":"<p>Oaxaca de Ju\u00e1rez, Oax. 2 de diciembre de 2025.- Cuatro transportistas originarios del estado de Tamaulipas, desaparecieron en Mat\u00edas Romero, municipio de la regi\u00f3n del Istmo de Tehuantepec, en Oaxaca. La Comisi\u00f3n Estatal de B\u00fasqueda de Personas Desaparecidas para el Estado de Oaxaca, report\u00f3 las fichas de b\u00fasqueda de Aldher Francisco Moreno Hern\u00e1ndez, Andr\u00e9s Eloy&#8230;<\/p>\n","protected":false},"author":4,"featured_media":18065,"comment_status":"closed","ping_status":"closed","sticky":false,"template":"","format":"standard","meta":{"footnotes":""},"categories":[49],"tags":[],"class_list":["post-18064","post","type-post","status-publish","format-standard","has-post-thumbnail","hentry","category-titulares"],"_links":{"self":[{"href":"https:\/\/fdnoaxaca.net\/index.php\/wp-json\/wp\/v2\/posts\/18064","targetHints":{"allow":["GET"]}}],"collection":[{"href":"https:\/\/fdnoaxaca.net\/index.php\/wp-json\/wp\/v2\/posts"}],"about":[{"href":"https:\/\/fdnoaxaca.net\/index.php\/wp-json\/wp\/v2\/types\/post"}],"author":[{"embeddable":true,"href":"https:\/\/fdnoaxaca.net\/index.php\/wp-json\/wp\/v2\/users\/4"}],"replies":[{"embeddable":true,"href":"https:\/\/fdnoaxaca.net\/index.php\/wp-json\/wp\/v2\/comments?post=18064"}],"version-history":[{"count":1,"href":"https:\/\/fdnoaxaca.net\/index.php\/wp-json\/wp\/v2\/posts\/18064\/revisions"}],"predecessor-version":[{"id":18067,"href":"https:\/\/fdnoaxaca.net\/index.php\/wp-json\/wp\/v2\/posts\/18064\/revisions\/18067"}],"wp:featuredmedia":[{"embeddable":true,"href":"https:\/\/fdnoaxaca.net\/index.php\/wp-json\/wp\/v2\/media\/18065"}],"wp:attachment":[{"href":"https:\/\/fdnoaxaca.net\/index.php\/wp-json\/wp\/v2\/media?parent=18064"}],"wp:term":[{"taxonomy":"category","embeddable":true,"href":"https:\/\/fdnoaxaca.net\/index.php\/wp-json\/wp\/v2\/categories?post=18064"},{"taxonomy":"post_tag","embeddable":true,"href":"https:\/\/fdnoaxaca.net\/index.php\/wp-json\/wp\/v2\/tags?post=18064"}],"curies":[{"name":"wp","href":"https:\/\/api.w.org\/{rel}","templated":true}]}}