{"id":1822,"date":"2019-10-15T14:08:14","date_gmt":"2019-10-15T14:08:14","guid":{"rendered":"http:\/\/fdnoaxaca.net\/?p=1822"},"modified":"2019-10-15T14:08:17","modified_gmt":"2019-10-15T14:08:17","slug":"arrestan-a-presunto-responsable-de-desaparicion-de-persona-en-oaxaca","status":"publish","type":"post","link":"https:\/\/fdnoaxaca.net\/index.php\/2019\/10\/15\/arrestan-a-presunto-responsable-de-desaparicion-de-persona-en-oaxaca\/","title":{"rendered":"Arrestan a presunto responsable de desaparici\u00f3n de persona en Oaxaca"},"content":{"rendered":"\n<p>Oaxaca de Ju\u00e1rez, Oax. 15 de octubre de 2019.- La Fiscal\u00eda General del Estado de Oaxaca (FGEO), a trav\u00e9s de su Unidad Especializada en Desaparici\u00f3n de Personas, ejecut\u00f3 una orden de aprehensi\u00f3n y obtuvo la vinculaci\u00f3n a proceso de C. I. B. M., como probable responsable del delito de desaparici\u00f3n cometida por particulares, en agravio de R. T. T. V., consumada en la regi\u00f3n de Valles Centrales.<\/p>\n\n\n\n<p>De acuerdo con la carpeta de investigaci\u00f3n 10668\/FDPE\/2019, el 30 de marzo de 2019, -aproximadamente a las 12:07 horas- la v\u00edctima caminaba sobre la calle Bugambilias esquina Privada de Bugambilias, colonia Las Flores, en Santa Luc\u00eda del Camino, municipio conurbado a la ciudad de Oaxaca, cuando fue alcanzada por un taxi for\u00e1neo, color guinda con blanco del sitio La Mesa, del distrito de Etla, el cual era conducido presuntamente por el imputado, quien iba acompa\u00f1ado de otras personas, sin que hasta ese momento se sepa de su paradero.<\/p>\n\n\n\n<p>Por estos hechos, la instituci\u00f3n de procuraci\u00f3n de justicia, a trav\u00e9s de la Vicefiscal\u00eda General de Atenci\u00f3n a V\u00edctimas y a la Sociedad, inici\u00f3 con las investigaciones correspondientes, e identific\u00f3, aprehendi\u00f3 y present\u00f3 ante el juez al presunto responsable.<\/p>\n\n\n\n<p>En audiencia realizada este 14 de octubre, el Juez de Control vincul\u00f3 a proceso al imputado C. I. B. M., imponi\u00e9ndole como medida la medida cautelar de prisi\u00f3n preventiva y fij\u00f3 cuatro meses para el cierre de investigaci\u00f3n.<\/p>\n","protected":false},"excerpt":{"rendered":"<p>Oaxaca de Ju\u00e1rez, Oax. 15 de octubre de 2019.- La Fiscal\u00eda General del Estado de Oaxaca (FGEO), a trav\u00e9s de su Unidad Especializada en Desaparici\u00f3n de Personas, ejecut\u00f3 una orden de aprehensi\u00f3n y obtuvo la vinculaci\u00f3n a proceso de C. I. B. M., como probable responsable del delito de desaparici\u00f3n cometida por particulares, en agravio&#8230;<\/p>\n","protected":false},"author":4,"featured_media":1824,"comment_status":"closed","ping_status":"closed","sticky":false,"template":"","format":"standard","meta":{"footnotes":""},"categories":[4],"tags":[],"class_list":["post-1822","post","type-post","status-publish","format-standard","has-post-thumbnail","hentry","category-general"],"_links":{"self":[{"href":"https:\/\/fdnoaxaca.net\/index.php\/wp-json\/wp\/v2\/posts\/1822","targetHints":{"allow":["GET"]}}],"collection":[{"href":"https:\/\/fdnoaxaca.net\/index.php\/wp-json\/wp\/v2\/posts"}],"about":[{"href":"https:\/\/fdnoaxaca.net\/index.php\/wp-json\/wp\/v2\/types\/post"}],"author":[{"embeddable":true,"href":"https:\/\/fdnoaxaca.net\/index.php\/wp-json\/wp\/v2\/users\/4"}],"replies":[{"embeddable":true,"href":"https:\/\/fdnoaxaca.net\/index.php\/wp-json\/wp\/v2\/comments?post=1822"}],"version-history":[{"count":1,"href":"https:\/\/fdnoaxaca.net\/index.php\/wp-json\/wp\/v2\/posts\/1822\/revisions"}],"predecessor-version":[{"id":1825,"href":"https:\/\/fdnoaxaca.net\/index.php\/wp-json\/wp\/v2\/posts\/1822\/revisions\/1825"}],"wp:featuredmedia":[{"embeddable":true,"href":"https:\/\/fdnoaxaca.net\/index.php\/wp-json\/wp\/v2\/media\/1824"}],"wp:attachment":[{"href":"https:\/\/fdnoaxaca.net\/index.php\/wp-json\/wp\/v2\/media?parent=1822"}],"wp:term":[{"taxonomy":"category","embeddable":true,"href":"https:\/\/fdnoaxaca.net\/index.php\/wp-json\/wp\/v2\/categories?post=1822"},{"taxonomy":"post_tag","embeddable":true,"href":"https:\/\/fdnoaxaca.net\/index.php\/wp-json\/wp\/v2\/tags?post=1822"}],"curies":[{"name":"wp","href":"https:\/\/api.w.org\/{rel}","templated":true}]}}