{"id":18281,"date":"2026-01-05T10:19:29","date_gmt":"2026-01-05T15:19:29","guid":{"rendered":"https:\/\/fdnoaxaca.net\/?p=18281"},"modified":"2026-01-05T10:19:31","modified_gmt":"2026-01-05T15:19:31","slug":"detienen-a-hombre-que-prendio-fuego-a-su-esposa-en-oaxaca","status":"publish","type":"post","link":"https:\/\/fdnoaxaca.net\/index.php\/2026\/01\/05\/detienen-a-hombre-que-prendio-fuego-a-su-esposa-en-oaxaca\/","title":{"rendered":"Detienen a hombre que prendi\u00f3 fuego a su esposa en Oaxaca"},"content":{"rendered":"\n<p>Oaxaca de Ju\u00e1rez, Oax., 5 de enero de 2026.- La Fiscal\u00eda General del Estado de Oaxaca confirm\u00f3 la detenci\u00f3n de&nbsp; E.M.L., por el delito de tentativa de feminicidio, cometido en agravio de su esposa en la regi\u00f3n de la Costa.<\/p>\n\n\n\n<p>Los datos asentados en la carpeta de investigaci\u00f3n revelan que los hechos ocurrieron durante la madrugada del 1 de enero de 2026, al interior de una vivienda ubicada en el Barrio Grande del municipio de San Pedro Jicay\u00e1n.<\/p>\n\n\n\n<p>El agresor lleg\u00f3 al domicilio y exigi\u00f3 a la v\u00edctima que consumiera bebidas alcoh\u00f3licas con \u00e9l, pero la mujer se neg\u00f3.<\/p>\n\n\n\n<p>En respuesta, el agresor roci\u00f3 alcohol et\u00edlico sobre la v\u00edctima y le prendi\u00f3 fuego, provocando lesiones por quemaduras en diferentes partes del cuerpo.<\/p>\n\n\n\n<p>Luego de tener conocimiento de los hechos, la Fiscal\u00eda de Oaxaca-a trav\u00e9s de la Vicefiscal\u00eda Regional de la Costa- inici\u00f3 las investigaciones con perspectiva de g\u00e9nero en torno al caso.<\/p>\n\n\n\n<p>Derivado de los trabajos ministeriales, se emiti\u00f3 una orden de aprehensi\u00f3n contra el esposo de la v\u00edctima, quien fue detenido por elementos de la Agencia Estatal de Investigaciones y qued\u00f3 a disposici\u00f3n del Ministerio P\u00fablico que recaba los datos de prueba para presentar al imputado ante al Juez, por el&nbsp; delito de tentativa de feminicidio.<\/p>\n","protected":false},"excerpt":{"rendered":"<p>Oaxaca de Ju\u00e1rez, Oax., 5 de enero de 2026.- La Fiscal\u00eda General del Estado de Oaxaca confirm\u00f3 la detenci\u00f3n de&nbsp; E.M.L., por el delito de tentativa de feminicidio, cometido en agravio de su esposa en la regi\u00f3n de la Costa. Los datos asentados en la carpeta de investigaci\u00f3n revelan que los hechos ocurrieron durante la&#8230;<\/p>\n","protected":false},"author":4,"featured_media":17706,"comment_status":"closed","ping_status":"closed","sticky":false,"template":"","format":"standard","meta":{"footnotes":""},"categories":[49],"tags":[],"class_list":["post-18281","post","type-post","status-publish","format-standard","has-post-thumbnail","hentry","category-titulares"],"_links":{"self":[{"href":"https:\/\/fdnoaxaca.net\/index.php\/wp-json\/wp\/v2\/posts\/18281","targetHints":{"allow":["GET"]}}],"collection":[{"href":"https:\/\/fdnoaxaca.net\/index.php\/wp-json\/wp\/v2\/posts"}],"about":[{"href":"https:\/\/fdnoaxaca.net\/index.php\/wp-json\/wp\/v2\/types\/post"}],"author":[{"embeddable":true,"href":"https:\/\/fdnoaxaca.net\/index.php\/wp-json\/wp\/v2\/users\/4"}],"replies":[{"embeddable":true,"href":"https:\/\/fdnoaxaca.net\/index.php\/wp-json\/wp\/v2\/comments?post=18281"}],"version-history":[{"count":1,"href":"https:\/\/fdnoaxaca.net\/index.php\/wp-json\/wp\/v2\/posts\/18281\/revisions"}],"predecessor-version":[{"id":18282,"href":"https:\/\/fdnoaxaca.net\/index.php\/wp-json\/wp\/v2\/posts\/18281\/revisions\/18282"}],"wp:featuredmedia":[{"embeddable":true,"href":"https:\/\/fdnoaxaca.net\/index.php\/wp-json\/wp\/v2\/media\/17706"}],"wp:attachment":[{"href":"https:\/\/fdnoaxaca.net\/index.php\/wp-json\/wp\/v2\/media?parent=18281"}],"wp:term":[{"taxonomy":"category","embeddable":true,"href":"https:\/\/fdnoaxaca.net\/index.php\/wp-json\/wp\/v2\/categories?post=18281"},{"taxonomy":"post_tag","embeddable":true,"href":"https:\/\/fdnoaxaca.net\/index.php\/wp-json\/wp\/v2\/tags?post=18281"}],"curies":[{"name":"wp","href":"https:\/\/api.w.org\/{rel}","templated":true}]}}